{"id":4647,"date":"2026-04-28T23:23:08","date_gmt":"2026-04-29T02:23:08","guid":{"rendered":"https:\/\/revistamaranhaoturismo.com\/?p=4647"},"modified":"2026-04-28T23:23:08","modified_gmt":"2026-04-29T02:23:08","slug":"senai-ma-tem-vagas-gratuitas-para-o-curso-de-aprendizagem-industrial-em-eletricista-de-manutencao-em-bacabal","status":"publish","type":"post","link":"https:\/\/revistamaranhaoturismo.com\/?p=4647","title":{"rendered":"SENAI-MA tem vagas gratuitas para o curso de Aprendizagem Industrial em Eletricista de Manuten\u00e7\u00e3o em Bacabal"},"content":{"rendered":"<div><a href=\"https:\/\/revistamaranhaoturismo.com\/?attachment_id=4480\" rel=\"attachment wp-att-4480\"><img decoding=\"async\" loading=\"lazy\" class=\"aligncenter  wp-image-4480\" src=\"https:\/\/revistamaranhaoturismo.com\/wp-content\/uploads\/2026\/03\/Banner-web-600x600px_Mais-Brasil.png\" alt=\"\" width=\"295\" height=\"296\" srcset=\"https:\/\/revistamaranhaoturismo.com\/wp-content\/uploads\/2026\/03\/Banner-web-600x600px_Mais-Brasil.png 600w, https:\/\/revistamaranhaoturismo.com\/wp-content\/uploads\/2026\/03\/Banner-web-600x600px_Mais-Brasil-300x300.png 300w, https:\/\/revistamaranhaoturismo.com\/wp-content\/uploads\/2026\/03\/Banner-web-600x600px_Mais-Brasil-150x150.png 150w, https:\/\/revistamaranhaoturismo.com\/wp-content\/uploads\/2026\/03\/Banner-web-600x600px_Mais-Brasil-75x75.png 75w\" sizes=\"(max-width: 295px) 100vw, 295px\" \/><\/a><\/div>\n<div style=\"text-align: justify;\"><strong><span style=\"font-size: 14pt;\"><i>S\u00e3o 20 vagas destinadas \u00e0 jovens da comunidade; as inscri\u00e7\u00f5es encerram hoje (28)<\/i><\/span><\/strong><\/div>\n<div style=\"text-align: justify;\"><span style=\"font-size: 14pt;\">\u00a0S\u00c3O LU\u00cdS \u2013\u00a0O Servi\u00e7o Nacional de Aprendizagem Industrial (SENAI-MA), em parceria com a empresa U&amp;M Minera\u00e7\u00e3o e Constru\u00e7\u00e3o S.A., oferece 20 vagas gratuitas para o curso de Aprendizagem Industrial B\u00e1sica em Eletricista de Manuten\u00e7\u00e3o, em Bacabal. Os interessados devem realizar a inscri\u00e7\u00e3o exclusivamente pela internet, por meio\u00a0<a id=\"m_2671214636539395896m_-645373803624088949OWA89daa681-c364-a5e4-0dce-48d68b9e7571\" href=\"https:\/\/sge.fiema.org.br\/FrameHTML\/web\/app\/Edu\/PortalProcessoSeletivo\/?c=3&amp;f=7&amp;ps=1108#\/es\/informacoes\" target=\"_blank\" rel=\"noopener noreferrer\" data-saferedirecturl=\"https:\/\/www.google.com\/url?q=https:\/\/sge.fiema.org.br\/FrameHTML\/web\/app\/Edu\/PortalProcessoSeletivo\/?c%3D3%26f%3D7%26ps%3D1108%23\/es\/informacoes&amp;source=gmail&amp;ust=1777514823461000&amp;usg=AOvVaw3RuDogXYzIR_kOOtU8ugLW\"><u>do site do SENAI<\/u><\/a>, at\u00e9 esta ter\u00e7a-feira (28).<\/span><\/div>\n<div style=\"text-align: justify;\"><\/div>\n<div style=\"text-align: justify;\"><span style=\"font-size: 14pt;\">O Programa de Aprendizagem Industrial \u00e9 uma iniciativa de forma\u00e7\u00e3o t\u00e9cnico-profissional que combina atividades te\u00f3ricas e pr\u00e1ticas para qualificar jovens para o mercado de trabalho.\u00a0 O curso possui carga hor\u00e1ria de 1.000 horas, divididas igualmente entre a fase te\u00f3rica e a pr\u00e1tica profissional. As aulas t\u00eam in\u00edcio previsto para o dia 26 de maio, na unidade SENAI Bacabal, e ocorrer\u00e3o no turno matutino, das 7h \u00e0s 11h.<\/span><\/div>\n<div style=\"text-align: justify;\"><\/div>\n<div style=\"text-align: justify;\"><span style=\"font-size: 14pt;\">Para participar do processo seletivo, os candidatos devem ter entre 18 e 22 anos e possuir o Ensino Fundamental completo. A sele\u00e7\u00e3o acontece em tr\u00eas etapas, tendo in\u00edcio com a an\u00e1lise documental. De forma presencial, ser\u00e3o realizadas a prova objetiva de L\u00edngua Portuguesa e Matem\u00e1tica, no dia 6 de maio, e a entrevista, que ocorrer\u00e1 nos dias 14 e 15 de maio.<\/span><\/div>\n<div style=\"text-align: justify;\"><\/div>\n<div style=\"text-align: justify;\"><span style=\"font-size: 14pt;\">O resultado da primeira etapa ser\u00e1 divulgado no dia 12 de maio, enquanto o resultado das entrevistas estar\u00e1 dispon\u00edvel no dia 18 de maio. Os aprovados dever\u00e3o efetuar a matr\u00edcula entre os dias 19 e 21 de maio, na unidade SENAI Bacabal, das 08:00h \u00e0s 11:00h, 13h \u00e0s 17h e das 18h \u00e0s 21h.<\/span><\/div>\n<div style=\"text-align: justify;\"><\/div>\n<div style=\"text-align: justify;\"><span style=\"font-size: 14pt;\">Acesse\u00a0<a id=\"m_2671214636539395896m_-645373803624088949OWA39c0b82c-7268-f687-0d04-aee5eff779f6\" href=\"https:\/\/www.fiema.org.br\/edital\/4722\/processo-seletivo-para-acesso-ao-curso-de-aprendizagem-industrial-basica-de-eletricista-de-manutencao-centro-de-educacao-profissional-e-tecnologica-de-bacabalma\" target=\"_blank\" rel=\"noopener noreferrer\" data-saferedirecturl=\"https:\/\/www.google.com\/url?q=https:\/\/www.fiema.org.br\/edital\/4722\/processo-seletivo-para-acesso-ao-curso-de-aprendizagem-industrial-basica-de-eletricista-de-manutencao-centro-de-educacao-profissional-e-tecnologica-de-bacabalma&amp;source=gmail&amp;ust=1777514823461000&amp;usg=AOvVaw2Jf0sXjerKjxHxE7nt0hG6\"><u>aqui<\/u><\/a>\u00a0o edital na \u00edntegra, contendo todos os requisitos, etapas de avalia\u00e7\u00e3o, crit\u00e9rios de classifica\u00e7\u00e3o e cronograma detalhado.<\/span><\/div>\n<div><em><strong>Fonte: Ascom- Senai-MA<\/strong><\/em><\/div>\n","protected":false},"excerpt":{"rendered":"<p>S\u00e3o 20 vagas destinadas \u00e0 jovens da comunidade; as inscri\u00e7\u00f5es encerram hoje (28) \u00a0S\u00c3O LU\u00cdS \u2013\u00a0O Servi\u00e7o Nacional de Aprendizagem Industrial (SENAI-MA), em parceria com a empresa U&amp;M Minera\u00e7\u00e3o e Constru\u00e7\u00e3o S.A., oferece 20 vagas gratuitas para o curso de Aprendizagem Industrial B\u00e1sica em Eletricista de Manuten\u00e7\u00e3o, em Bacabal. Os interessados devem realizar a inscri\u00e7\u00e3o [&hellip;]<\/p>\n","protected":false},"author":1,"featured_media":4648,"comment_status":"open","ping_status":"open","sticky":false,"template":"","format":"standard","meta":[],"categories":[1],"tags":[],"_links":{"self":[{"href":"https:\/\/revistamaranhaoturismo.com\/index.php?rest_route=\/wp\/v2\/posts\/4647"}],"collection":[{"href":"https:\/\/revistamaranhaoturismo.com\/index.php?rest_route=\/wp\/v2\/posts"}],"about":[{"href":"https:\/\/revistamaranhaoturismo.com\/index.php?rest_route=\/wp\/v2\/types\/post"}],"author":[{"embeddable":true,"href":"https:\/\/revistamaranhaoturismo.com\/index.php?rest_route=\/wp\/v2\/users\/1"}],"replies":[{"embeddable":true,"href":"https:\/\/revistamaranhaoturismo.com\/index.php?rest_route=%2Fwp%2Fv2%2Fcomments&post=4647"}],"version-history":[{"count":1,"href":"https:\/\/revistamaranhaoturismo.com\/index.php?rest_route=\/wp\/v2\/posts\/4647\/revisions"}],"predecessor-version":[{"id":4649,"href":"https:\/\/revistamaranhaoturismo.com\/index.php?rest_route=\/wp\/v2\/posts\/4647\/revisions\/4649"}],"wp:featuredmedia":[{"embeddable":true,"href":"https:\/\/revistamaranhaoturismo.com\/index.php?rest_route=\/wp\/v2\/media\/4648"}],"wp:attachment":[{"href":"https:\/\/revistamaranhaoturismo.com\/index.php?rest_route=%2Fwp%2Fv2%2Fmedia&parent=4647"}],"wp:term":[{"taxonomy":"category","embeddable":true,"href":"https:\/\/revistamaranhaoturismo.com\/index.php?rest_route=%2Fwp%2Fv2%2Fcategories&post=4647"},{"taxonomy":"post_tag","embeddable":true,"href":"https:\/\/revistamaranhaoturismo.com\/index.php?rest_route=%2Fwp%2Fv2%2Ftags&post=4647"}],"curies":[{"name":"wp","href":"https:\/\/api.w.org\/{rel}","templated":true}]}}