{"id":4650,"date":"2026-04-29T21:57:40","date_gmt":"2026-04-30T00:57:40","guid":{"rendered":"https:\/\/revistamaranhaoturismo.com\/?p=4650"},"modified":"2026-04-29T21:57:40","modified_gmt":"2026-04-30T00:57:40","slug":"abav-ma-entra-no-debate-e-reforca-santo-amaro-segue-aberto-e-operando-normalmente","status":"publish","type":"post","link":"https:\/\/revistamaranhaoturismo.com\/?p=4650","title":{"rendered":"ABAV-MA entra no debate e refor\u00e7a: Santo Amaro segue aberto e operando normalmente"},"content":{"rendered":"<div data-breakout=\"normal\">\n<p dir=\"auto\"><a href=\"https:\/\/revistamaranhaoturismo.com\/?attachment_id=4480\" rel=\"attachment wp-att-4480\"><img decoding=\"async\" loading=\"lazy\" class=\"aligncenter  wp-image-4480\" src=\"https:\/\/revistamaranhaoturismo.com\/wp-content\/uploads\/2026\/03\/Banner-web-600x600px_Mais-Brasil.png\" alt=\"\" width=\"279\" height=\"279\" srcset=\"https:\/\/revistamaranhaoturismo.com\/wp-content\/uploads\/2026\/03\/Banner-web-600x600px_Mais-Brasil.png 600w, https:\/\/revistamaranhaoturismo.com\/wp-content\/uploads\/2026\/03\/Banner-web-600x600px_Mais-Brasil-300x300.png 300w, https:\/\/revistamaranhaoturismo.com\/wp-content\/uploads\/2026\/03\/Banner-web-600x600px_Mais-Brasil-150x150.png 150w, https:\/\/revistamaranhaoturismo.com\/wp-content\/uploads\/2026\/03\/Banner-web-600x600px_Mais-Brasil-75x75.png 75w\" sizes=\"(max-width: 279px) 100vw, 279px\" \/><\/a><\/p>\n<p id=\"viewer-d1zfj403\" class=\"wH46u FvsWF cq-ch SSmro\" dir=\"auto\" style=\"text-align: justify;\"><span class=\"WhDDP cq-ch\" style=\"font-size: 14pt;\">A pol\u00eamica envolvendo a suposta suspens\u00e3o de passeios para Santo Amaro do Maranh\u00e3o ganhou um novo cap\u00edtulo nesta semana com a divulga\u00e7\u00e3o de uma nota oficial da Associa\u00e7\u00e3o Brasileira de Ag\u00eancias de Viagens do Maranh\u00e3o (ABAV-MA). A entidade esclareceu que o munic\u00edpio segue aberto, acess\u00edvel e operando normalmente, apesar da decis\u00e3o isolada de algumas empresas de interromper temporariamente seus pr\u00f3prios roteiros de bate-volta.<\/span><\/p>\n<p dir=\"auto\"><a href=\"https:\/\/revistamaranhaoturismo.com\/?attachment_id=4651\" rel=\"attachment wp-att-4651\"><img decoding=\"async\" loading=\"lazy\" class=\"aligncenter size-full wp-image-4651\" src=\"https:\/\/revistamaranhaoturismo.com\/wp-content\/uploads\/2026\/04\/WhatsApp-Image-2026-04-29-at-21.56.26.jpeg\" alt=\"\" width=\"1080\" height=\"1317\" srcset=\"https:\/\/revistamaranhaoturismo.com\/wp-content\/uploads\/2026\/04\/WhatsApp-Image-2026-04-29-at-21.56.26.jpeg 1080w, https:\/\/revistamaranhaoturismo.com\/wp-content\/uploads\/2026\/04\/WhatsApp-Image-2026-04-29-at-21.56.26-246x300.jpeg 246w, https:\/\/revistamaranhaoturismo.com\/wp-content\/uploads\/2026\/04\/WhatsApp-Image-2026-04-29-at-21.56.26-840x1024.jpeg 840w, https:\/\/revistamaranhaoturismo.com\/wp-content\/uploads\/2026\/04\/WhatsApp-Image-2026-04-29-at-21.56.26-768x937.jpeg 768w, https:\/\/revistamaranhaoturismo.com\/wp-content\/uploads\/2026\/04\/WhatsApp-Image-2026-04-29-at-21.56.26-750x915.jpeg 750w\" sizes=\"(max-width: 1080px) 100vw, 1080px\" \/><\/a><\/p>\n<\/div>\n<div style=\"text-align: justify;\" data-hook=\"rcv-block6\"><span style=\"font-size: 14pt;\">O posicionamento surge ap\u00f3s a repercuss\u00e3o de informa\u00e7\u00f5es que circularam nas redes sociais e provocaram d\u00favidas entre turistas, operadores e profissionais do trade tur\u00edstico maranhense. Segundo a ABAV-MA, a interpreta\u00e7\u00e3o de que o destino estaria \u201cfechado\u201d n\u00e3o corresponde \u00e0 realidade.<\/span><\/div>\n<div style=\"text-align: justify;\" data-hook=\"rcv-block8\"><span style=\"font-size: 14pt;\">Na nota, a entidade afirma que empresas s\u00e9rias e regularizadas continuam atuando normalmente em Santo Amaro, mantendo os passeios ativos com seguran\u00e7a, qualidade e transpar\u00eancia. A associa\u00e7\u00e3o tamb\u00e9m destacou que n\u00e3o existe qualquer notifica\u00e7\u00e3o oficial de impedimento ou restri\u00e7\u00e3o por parte das autoridades locais.<\/span><\/div>\n<div style=\"text-align: justify;\" data-hook=\"rcv-block10\"><span style=\"font-size: 14pt;\">A manifesta\u00e7\u00e3o refor\u00e7a o que j\u00e1 havia sido informado pela Secretaria Municipal de Turismo de Santo Amaro ao portal Cazumb\u00e1: o destino permanece funcionando normalmente, com fluxo tur\u00edstico mantido e opera\u00e7\u00e3o regular dos passeios nos Len\u00e7\u00f3is Maranhenses.<\/span><\/div>\n<div style=\"text-align: justify;\" data-hook=\"rcv-block11\"><span style=\"font-size: 14pt;\">O caso, no entanto, exp\u00f4s uma tens\u00e3o crescente dentro da cadeia tur\u00edstica regional. Nos bastidores, operadores apontam diverg\u00eancias relacionadas aos custos operacionais, reajustes de servi\u00e7os e \u00e0 sustentabilidade econ\u00f4mica dos roteiros de baixo custo praticados por algumas empresas.<\/span><\/div>\n<div style=\"text-align: justify;\" data-breakout=\"normal\">\n<div id=\"viewer-6gq1o558\" class=\"j3Tby\">\n<div class=\"_1XrQh _4OBlC\">\n<figure class=\"k4d5f\" data-hook=\"figure-IMAGE\">\n<div class=\"hqeKi\" data-hook=\"image-viewer\">\n<div id=\"6gq1o558\" class=\"_2QrYu onqYC Kam4w\" data-hook=\"image-viewer-6gq1o558\"><span style=\"font-size: 14pt;\"><img decoding=\"async\" draggable=\"false\" src=\"https:\/\/static.wixstatic.com\/media\/7dcec5_e9418c64f2c14617a5108a0ae743f776~mv2.jpeg\/v1\/fill\/w_596,h_801,al_c,q_85,usm_0.66_1.00_0.01,enc_avif,quality_auto\/7dcec5_e9418c64f2c14617a5108a0ae743f776~mv2.jpeg\" alt=\"\" data-pin-url=\"https:\/\/www.cazumbaonline.com.br\/post\/abav-ma-entra-no-debate-e-refor\u00e7a-santo-amaro-segue-aberto-e-operando-normalmente\" data-pin-media=\"https:\/\/static.wixstatic.com\/media\/7dcec5_e9418c64f2c14617a5108a0ae743f776~mv2.jpeg\/v1\/fill\/w_953,h_1280,al_c,q_85\/7dcec5_e9418c64f2c14617a5108a0ae743f776~mv2.jpeg\" data-load-done=\"\" \/><\/span><\/div>\n<p><button class=\"B8NK9\" type=\"button\" data-hook=\"image-expand-button\" aria-label=\"Expandir imagem\"><\/button><\/div>\n<\/figure>\n<\/div>\n<\/div>\n<\/div>\n<div style=\"text-align: justify;\" data-hook=\"rcv-block16\"><span style=\"font-size: 14pt;\">Para integrantes do setor, o epis\u00f3dio revela um debate mais profundo sobre a necessidade de equil\u00edbrio entre competitividade, valoriza\u00e7\u00e3o dos receptivos locais e manuten\u00e7\u00e3o da qualidade da experi\u00eancia tur\u00edstica em um dos destinos mais procurados do Maranh\u00e3o.<\/span><\/div>\n<div style=\"text-align: justify;\" data-hook=\"rcv-block18\"><span style=\"font-size: 14pt;\">Outro ponto enfatizado pela ABAV-MA foi o impacto negativo da desinforma\u00e7\u00e3o. A entidade alertou que not\u00edcias mal interpretadas podem prejudicar diretamente trabalhadores do turismo, empres\u00e1rios, guias, pousadas, restaurantes e o pr\u00f3prio visitante, afetando a imagem de Santo Amaro em um momento de forte crescimento do destino no cen\u00e1rio nacional e internacional.<\/span><\/div>\n<div style=\"text-align: justify;\" data-hook=\"rcv-block19\"><span style=\"font-size: 14pt;\">A repercuss\u00e3o tamb\u00e9m acende um alerta sobre a responsabilidade da comunica\u00e7\u00e3o no turismo. Em tempos de redes sociais e informa\u00e7\u00e3o instant\u00e2nea, qualquer ru\u00eddo pode gerar inseguran\u00e7a no mercado, cancelamentos e preju\u00edzos econ\u00f4micos para toda a cadeia produtiva.<\/span><\/div>\n<div style=\"text-align: justify;\" data-hook=\"rcv-block21\"><\/div>\n<div style=\"text-align: justify;\" data-breakout=\"normal\">\n<div id=\"viewer-83kbp2082\" class=\"wH46u FvsWF cq-ch SSmro\" dir=\"auto\"><span style=\"font-size: 14pt;\">Enquanto o debate continua entre os diversos atores do trade tur\u00edstico, Santo Amaro segue recebendo visitantes normalmente, mantendo sua posi\u00e7\u00e3o como uma das principais portas de entrada para os Len\u00e7\u00f3is Maranhenses, reconhecidos mundialmente como Patrim\u00f4nio Natural da Humanidade pela UNESCO.<\/span><\/div>\n<div dir=\"auto\"><strong><em>Fonte: cazumbaonline<\/em><\/strong><\/div>\n<\/div>\n<div style=\"text-align: justify;\" data-hook=\"rcv-block23\"><\/div>\n<div data-breakout=\"normal\">\n<div id=\"viewer-7dalq469\" class=\"wH46u FvsWF cq-ch SSmro\" dir=\"auto\" style=\"text-align: justify;\"><\/div>\n<\/div>\n","protected":false},"excerpt":{"rendered":"<p>A pol\u00eamica envolvendo a suposta suspens\u00e3o de passeios para Santo Amaro do Maranh\u00e3o ganhou um novo cap\u00edtulo nesta semana com a divulga\u00e7\u00e3o de uma nota oficial da Associa\u00e7\u00e3o Brasileira de Ag\u00eancias de Viagens do Maranh\u00e3o (ABAV-MA). A entidade esclareceu que o munic\u00edpio segue aberto, acess\u00edvel e operando normalmente, apesar da decis\u00e3o isolada de algumas empresas [&hellip;]<\/p>\n","protected":false},"author":1,"featured_media":4651,"comment_status":"open","ping_status":"open","sticky":false,"template":"","format":"standard","meta":[],"categories":[1],"tags":[],"_links":{"self":[{"href":"https:\/\/revistamaranhaoturismo.com\/index.php?rest_route=\/wp\/v2\/posts\/4650"}],"collection":[{"href":"https:\/\/revistamaranhaoturismo.com\/index.php?rest_route=\/wp\/v2\/posts"}],"about":[{"href":"https:\/\/revistamaranhaoturismo.com\/index.php?rest_route=\/wp\/v2\/types\/post"}],"author":[{"embeddable":true,"href":"https:\/\/revistamaranhaoturismo.com\/index.php?rest_route=\/wp\/v2\/users\/1"}],"replies":[{"embeddable":true,"href":"https:\/\/revistamaranhaoturismo.com\/index.php?rest_route=%2Fwp%2Fv2%2Fcomments&post=4650"}],"version-history":[{"count":1,"href":"https:\/\/revistamaranhaoturismo.com\/index.php?rest_route=\/wp\/v2\/posts\/4650\/revisions"}],"predecessor-version":[{"id":4652,"href":"https:\/\/revistamaranhaoturismo.com\/index.php?rest_route=\/wp\/v2\/posts\/4650\/revisions\/4652"}],"wp:featuredmedia":[{"embeddable":true,"href":"https:\/\/revistamaranhaoturismo.com\/index.php?rest_route=\/wp\/v2\/media\/4651"}],"wp:attachment":[{"href":"https:\/\/revistamaranhaoturismo.com\/index.php?rest_route=%2Fwp%2Fv2%2Fmedia&parent=4650"}],"wp:term":[{"taxonomy":"category","embeddable":true,"href":"https:\/\/revistamaranhaoturismo.com\/index.php?rest_route=%2Fwp%2Fv2%2Fcategories&post=4650"},{"taxonomy":"post_tag","embeddable":true,"href":"https:\/\/revistamaranhaoturismo.com\/index.php?rest_route=%2Fwp%2Fv2%2Ftags&post=4650"}],"curies":[{"name":"wp","href":"https:\/\/api.w.org\/{rel}","templated":true}]}}