{"id":4653,"date":"2026-04-29T22:01:05","date_gmt":"2026-04-30T01:01:05","guid":{"rendered":"https:\/\/revistamaranhaoturismo.com\/?p=4653"},"modified":"2026-04-29T22:01:05","modified_gmt":"2026-04-30T01:01:05","slug":"manifestacao-cultural-que-reune-fe-e-arte-bumba-meu-boi-e-atracao-no-mercado-central-de-bh","status":"publish","type":"post","link":"https:\/\/revistamaranhaoturismo.com\/?p=4653","title":{"rendered":"Manifesta\u00e7\u00e3o cultural que re\u00fane f\u00e9 e arte, bumba meu boi \u00e9 atra\u00e7\u00e3o no Mercado Central de BH"},"content":{"rendered":"<p><a href=\"https:\/\/revistamaranhaoturismo.com\/?attachment_id=4480\" rel=\"attachment wp-att-4480\"><img decoding=\"async\" loading=\"lazy\" class=\"aligncenter  wp-image-4480\" src=\"https:\/\/revistamaranhaoturismo.com\/wp-content\/uploads\/2026\/03\/Banner-web-600x600px_Mais-Brasil.png\" alt=\"\" width=\"341\" height=\"342\" srcset=\"https:\/\/revistamaranhaoturismo.com\/wp-content\/uploads\/2026\/03\/Banner-web-600x600px_Mais-Brasil.png 600w, https:\/\/revistamaranhaoturismo.com\/wp-content\/uploads\/2026\/03\/Banner-web-600x600px_Mais-Brasil-300x300.png 300w, https:\/\/revistamaranhaoturismo.com\/wp-content\/uploads\/2026\/03\/Banner-web-600x600px_Mais-Brasil-150x150.png 150w, https:\/\/revistamaranhaoturismo.com\/wp-content\/uploads\/2026\/03\/Banner-web-600x600px_Mais-Brasil-75x75.png 75w\" sizes=\"(max-width: 341px) 100vw, 341px\" \/><\/a><\/p>\n<p style=\"text-align: justify;\"><span style=\"font-size: 14pt;\"><strong>Com selo da Unesco, S\u00e3o Jo\u00e3o do Maranh\u00e3o ser\u00e1 lan\u00e7ado na capital mineira para atrair turistas ao festejo<\/strong><\/span><\/p>\n<p style=\"text-align: justify;\"><span style=\"font-size: 14pt;\"><strong>BORA L\u00c1?<\/strong><\/span><\/p>\n<p><span style=\"font-size: 14pt;\">Quem passar pelo Mercado Central de Belo Horizonte nesta quinta-feira (30) ter\u00e1 a oportunidade de ver de perto apresenta\u00e7\u00f5es de bumba meu boi, reconhecido como Patrim\u00f4nio Cultural Imaterial da Humanidade pela Unesco. A exibi\u00e7\u00e3o integra o lan\u00e7amento do S\u00e3o Jo\u00e3o do Maranh\u00e3o 2026, uma das maiores manifesta\u00e7\u00f5es culturais do pa\u00eds.<\/span><\/p>\n<p style=\"text-align: justify;\"><span style=\"font-size: 14pt;\">Durante o evento, grupos culturais apresentam ao p\u00fablico os diferentes sotaques da manifesta\u00e7\u00e3o, que re\u00fanem ritmos, estilos e narrativas pr\u00f3prias, revelando a riqueza, a complexidade e a beleza do festejo maranhense.<\/span><\/p>\n<p style=\"text-align: justify;\"><span style=\"font-size: 14pt;\">A iniciativa em Belo Horizonte busca aproximar o p\u00fablico mineiro dessa experi\u00eancia cultural por meio de apresenta\u00e7\u00f5es, exposi\u00e7\u00e3o de indument\u00e1rias e contato direto com elementos que comp\u00f5em o espet\u00e1culo popular. A proposta \u00e9 antecipar, fora do estado, a atmosfera do per\u00edodo junino e estimular o interesse pelo destino, em um momento estrat\u00e9gico para o turismo maranhense.<\/span><\/p>\n<p style=\"text-align: justify;\"><span style=\"font-size: 14pt;\">A escolha de BH para o lan\u00e7amento se justifica com base em dados recentes do Observat\u00f3rio do Turismo do Maranh\u00e3o (Obstur-MA). Segundo a Pesquisa de Demanda Tur\u00edstica 2025, Minas ocupa a terceira posi\u00e7\u00e3o entre os estados que mais enviam visitantes ao Maranh\u00e3o. O levantamento tamb\u00e9m aponta que 95% dos turistas demonstram inten\u00e7\u00e3o de retornar ao estado, especialmente para vivenciar a programa\u00e7\u00e3o cultural do per\u00edodo junino.<\/span><\/p>\n<p style=\"text-align: justify;\"><span style=\"font-size: 14pt;\"><strong>Bumba meu boi<\/strong><\/span><\/p>\n<p style=\"text-align: justify;\"><span style=\"font-size: 14pt;\">O bumba meu boi \u00e9 o principal s\u00edmbolo da festa de S\u00e3o Jo\u00e3o do Maranh\u00e3o. Mais do que uma celebra\u00e7\u00e3o, a manifesta\u00e7\u00e3o cultural re\u00fane elementos de f\u00e9, arte e identidade, consolidando-se como uma das express\u00f5es culturais mais emblem\u00e1ticas do Brasil.<\/span><br \/>\n<span style=\"font-size: 14pt;\">\u00a0<\/span><br \/>\n<span style=\"font-size: 14pt;\">A a\u00e7\u00e3o no Mercado Central \u00e9 organizada pelas Secretarias de Estado da Cultura (Secma), do Turismo (Setur-MA) e de Comunica\u00e7\u00e3o (Secom).\u00a0<\/span><\/p>\n<p style=\"text-align: justify;\"><span style=\"font-size: 14pt;\"><strong>Servi\u00e7o<\/strong><\/span><\/p>\n<p style=\"text-align: justify;\"><span style=\"font-size: 14pt;\">Lan\u00e7amento do S\u00e3o Jo\u00e3o do Maranh\u00e3o 2026<\/span><br \/>\n<span style=\"font-size: 14pt;\">Quinta-feira (30), a partir das 10h<\/span><br \/>\n<span style=\"font-size: 14pt;\">Mercado Central (av. Augusto de Lima, 744, Centro, BH)<\/span><\/p>\n<p><em><strong>Fonte: minas1<\/strong><\/em><\/p>\n","protected":false},"excerpt":{"rendered":"<p>Com selo da Unesco, S\u00e3o Jo\u00e3o do Maranh\u00e3o ser\u00e1 lan\u00e7ado na capital mineira para atrair turistas ao festejo BORA L\u00c1? Quem passar pelo Mercado Central de Belo Horizonte nesta quinta-feira (30) ter\u00e1 a oportunidade de ver de perto apresenta\u00e7\u00f5es de bumba meu boi, reconhecido como Patrim\u00f4nio Cultural Imaterial da Humanidade pela Unesco. A exibi\u00e7\u00e3o integra [&hellip;]<\/p>\n","protected":false},"author":1,"featured_media":4654,"comment_status":"open","ping_status":"open","sticky":false,"template":"","format":"standard","meta":[],"categories":[1],"tags":[],"_links":{"self":[{"href":"https:\/\/revistamaranhaoturismo.com\/index.php?rest_route=\/wp\/v2\/posts\/4653"}],"collection":[{"href":"https:\/\/revistamaranhaoturismo.com\/index.php?rest_route=\/wp\/v2\/posts"}],"about":[{"href":"https:\/\/revistamaranhaoturismo.com\/index.php?rest_route=\/wp\/v2\/types\/post"}],"author":[{"embeddable":true,"href":"https:\/\/revistamaranhaoturismo.com\/index.php?rest_route=\/wp\/v2\/users\/1"}],"replies":[{"embeddable":true,"href":"https:\/\/revistamaranhaoturismo.com\/index.php?rest_route=%2Fwp%2Fv2%2Fcomments&post=4653"}],"version-history":[{"count":1,"href":"https:\/\/revistamaranhaoturismo.com\/index.php?rest_route=\/wp\/v2\/posts\/4653\/revisions"}],"predecessor-version":[{"id":4655,"href":"https:\/\/revistamaranhaoturismo.com\/index.php?rest_route=\/wp\/v2\/posts\/4653\/revisions\/4655"}],"wp:featuredmedia":[{"embeddable":true,"href":"https:\/\/revistamaranhaoturismo.com\/index.php?rest_route=\/wp\/v2\/media\/4654"}],"wp:attachment":[{"href":"https:\/\/revistamaranhaoturismo.com\/index.php?rest_route=%2Fwp%2Fv2%2Fmedia&parent=4653"}],"wp:term":[{"taxonomy":"category","embeddable":true,"href":"https:\/\/revistamaranhaoturismo.com\/index.php?rest_route=%2Fwp%2Fv2%2Fcategories&post=4653"},{"taxonomy":"post_tag","embeddable":true,"href":"https:\/\/revistamaranhaoturismo.com\/index.php?rest_route=%2Fwp%2Fv2%2Ftags&post=4653"}],"curies":[{"name":"wp","href":"https:\/\/api.w.org\/{rel}","templated":true}]}}