{"id":4656,"date":"2026-05-01T00:35:48","date_gmt":"2026-05-01T03:35:48","guid":{"rendered":"https:\/\/revistamaranhaoturismo.com\/?p=4656"},"modified":"2026-05-01T00:57:05","modified_gmt":"2026-05-01T03:57:05","slug":"semana-s-2026-ofertara-mais-de-1-400-vagas-gratuitas-em-cursos-profissionalizantes-do-senac-ma","status":"publish","type":"post","link":"https:\/\/revistamaranhaoturismo.com\/?p=4656","title":{"rendered":"Semana S 2026 ofertar\u00e1 mais de 1.400 vagas gratuitas em cursos profissionalizantes do Senac\/MA"},"content":{"rendered":"<p><a href=\"https:\/\/revistamaranhaoturismo.com\/?attachment_id=4480\" rel=\"attachment wp-att-4480\"><img decoding=\"async\" loading=\"lazy\" class=\"aligncenter wp-image-4480\" src=\"https:\/\/revistamaranhaoturismo.com\/wp-content\/uploads\/2026\/03\/Banner-web-600x600px_Mais-Brasil.png\" alt=\"\" width=\"313\" height=\"314\" srcset=\"https:\/\/revistamaranhaoturismo.com\/wp-content\/uploads\/2026\/03\/Banner-web-600x600px_Mais-Brasil.png 600w, https:\/\/revistamaranhaoturismo.com\/wp-content\/uploads\/2026\/03\/Banner-web-600x600px_Mais-Brasil-300x300.png 300w, https:\/\/revistamaranhaoturismo.com\/wp-content\/uploads\/2026\/03\/Banner-web-600x600px_Mais-Brasil-150x150.png 150w, https:\/\/revistamaranhaoturismo.com\/wp-content\/uploads\/2026\/03\/Banner-web-600x600px_Mais-Brasil-75x75.png 75w\" sizes=\"(max-width: 313px) 100vw, 313px\" \/><\/a><\/p>\n<p style=\"text-align: justify;\"><span style=\"font-size: 14pt;\">Nos dias 15 e 16 de maio, o Maranh\u00e3o ir\u00e1 receber a Semana S 2026, o maior evento realizado pela Confedera\u00e7\u00e3o Nacional do Com\u00e9rcio (CNC), com a colabora\u00e7\u00e3o da Fecom\u00e9rcio, Sesc e Senac. O evento acontecer\u00e1 em diversas cidades do Brasil e, aqui no estado, ser\u00e1 realizado em S\u00e3o Lu\u00eds, no Multicenter Neg\u00f3cios e Eventos, e em mais nove munic\u00edpios: A\u00e7ail\u00e2ndia, Bacabal, Balsas, Caxias, Imperatriz, Itapecuru-Mirim, Pinheiro, Santa In\u00eas e Timon.<\/span><\/p>\n<p><a href=\"https:\/\/revistamaranhaoturismo.com\/?attachment_id=4667\" rel=\"attachment wp-att-4667\"><img decoding=\"async\" loading=\"lazy\" class=\"aligncenter size-full wp-image-4667\" src=\"https:\/\/revistamaranhaoturismo.com\/wp-content\/uploads\/2026\/05\/erwrwrwerwwrer34353gbg.png\" alt=\"\" width=\"5472\" height=\"3648\" srcset=\"https:\/\/revistamaranhaoturismo.com\/wp-content\/uploads\/2026\/05\/erwrwrwerwwrer34353gbg.png 5472w, https:\/\/revistamaranhaoturismo.com\/wp-content\/uploads\/2026\/05\/erwrwrwerwwrer34353gbg-300x200.png 300w, https:\/\/revistamaranhaoturismo.com\/wp-content\/uploads\/2026\/05\/erwrwrwerwwrer34353gbg-1024x683.png 1024w, https:\/\/revistamaranhaoturismo.com\/wp-content\/uploads\/2026\/05\/erwrwrwerwwrer34353gbg-768x512.png 768w, https:\/\/revistamaranhaoturismo.com\/wp-content\/uploads\/2026\/05\/erwrwrwerwwrer34353gbg-1536x1024.png 1536w, https:\/\/revistamaranhaoturismo.com\/wp-content\/uploads\/2026\/05\/erwrwrwerwwrer34353gbg-2048x1365.png 2048w, https:\/\/revistamaranhaoturismo.com\/wp-content\/uploads\/2026\/05\/erwrwrwerwwrer34353gbg-750x500.png 750w, https:\/\/revistamaranhaoturismo.com\/wp-content\/uploads\/2026\/05\/erwrwrwerwwrer34353gbg-1140x760.png 1140w\" sizes=\"(max-width: 5472px) 100vw, 5472px\" \/><\/a><\/p>\n<p style=\"text-align: justify;\"><span style=\"font-size: 14pt;\">A Semana S re\u00fane empres\u00e1rios, trabalhadores, seus familiares e a popula\u00e7\u00e3o em geral para conhecer e utilizar os servi\u00e7os e produtos gerados pelo Sistema Com\u00e9rcio. S\u00e3o dois dias de <strong>acesso gratuito<\/strong> a diversas atividades que englobam \u00e1reas como gastronomia, beleza, gest\u00e3o, turismo, hotelaria, artes, sa\u00fade, apresenta\u00e7\u00f5es culturais e muito mais.<\/span><\/p>\n<p style=\"text-align: justify;\"><span style=\"font-size: 14pt;\"><strong>Vagas gratuitas em cursos profissionalizantes:<\/strong><\/span><\/p>\n<p style=\"text-align: justify;\"><span style=\"font-size: 14pt;\">Nesta edi\u00e7\u00e3o, pela primeira vez, o Sistema Com\u00e9rcio oferecer\u00e1, em uma \u00fanica oportunidade, 50 mil vagas gratuitas em cursos profissionalizantes em todo o Brasil. Aqui no Maranh\u00e3o, ser\u00e3o <strong>1.460 vagas em diversas \u00e1reas<\/strong>, como Maquiador, Assistente de Tecnologias da Informa\u00e7\u00e3o, Recepcionista, Cuidador Infantil, Costureiro, Salgadeiro, Auxiliar de Confeitaria, Programador de Sistemas, Administrador de Redes, Agente de Viagens, entre outras.<\/span><\/p>\n<p><a href=\"https:\/\/revistamaranhaoturismo.com\/?attachment_id=4665\" rel=\"attachment wp-att-4665\"><img decoding=\"async\" loading=\"lazy\" class=\"aligncenter size-full wp-image-4665\" src=\"https:\/\/revistamaranhaoturismo.com\/wp-content\/uploads\/2026\/05\/reere4443f.png\" alt=\"\" width=\"6561\" height=\"4374\" srcset=\"https:\/\/revistamaranhaoturismo.com\/wp-content\/uploads\/2026\/05\/reere4443f.png 6561w, https:\/\/revistamaranhaoturismo.com\/wp-content\/uploads\/2026\/05\/reere4443f-300x200.png 300w, https:\/\/revistamaranhaoturismo.com\/wp-content\/uploads\/2026\/05\/reere4443f-1024x683.png 1024w, https:\/\/revistamaranhaoturismo.com\/wp-content\/uploads\/2026\/05\/reere4443f-768x512.png 768w, https:\/\/revistamaranhaoturismo.com\/wp-content\/uploads\/2026\/05\/reere4443f-1536x1024.png 1536w, https:\/\/revistamaranhaoturismo.com\/wp-content\/uploads\/2026\/05\/reere4443f-2048x1365.png 2048w, https:\/\/revistamaranhaoturismo.com\/wp-content\/uploads\/2026\/05\/reere4443f-750x500.png 750w, https:\/\/revistamaranhaoturismo.com\/wp-content\/uploads\/2026\/05\/reere4443f-1140x760.png 1140w\" sizes=\"(max-width: 6561px) 100vw, 6561px\" \/><\/a><\/p>\n<p style=\"text-align: justify;\"><span style=\"font-size: 14pt;\">As inscri\u00e7\u00f5es ser\u00e3o realizadas presencialmente durante a Semana S, no dia 16 de maio, por meio de um processo simplificado. Para garantir a vaga, os interessados devem comparecer aos locais munidos de <strong>RG e CPF (original e c\u00f3pia)<\/strong>.<\/span><\/p>\n<p style=\"text-align: justify;\"><span style=\"font-size: 14pt;\">As qualifica\u00e7\u00f5es ofertadas v\u00e3o desde cursos livres at\u00e9 t\u00e9cnicos, e representam uma<\/span><\/p>\n<p style=\"text-align: justify;\"><span style=\"font-size: 14pt;\">oportunidade estrat\u00e9gica para o desenvolvimento profissional, capacitando os participantes tanto para o ingresso no mercado de trabalho quanto para o empreendedorismo. Os editais, contendo a rela\u00e7\u00e3o completa de cursos, munic\u00edpios atendidos e cronogramas, j\u00e1 est\u00e3o dispon\u00edveis no site oficial (ma.senac.br\/editais_psg\/editais-de-gratuidade-da-semana-s). A institui\u00e7\u00e3o recomenda a consulta pr\u00e9via aos documentos para o esclarecimento de d\u00favidas e orienta\u00e7\u00f5es sobre os crit\u00e9rios de participa\u00e7\u00e3o.<\/span><\/p>\n<p><a href=\"https:\/\/revistamaranhaoturismo.com\/?attachment_id=4668\" rel=\"attachment wp-att-4668\"><img decoding=\"async\" loading=\"lazy\" class=\"aligncenter size-full wp-image-4668\" src=\"https:\/\/revistamaranhaoturismo.com\/wp-content\/uploads\/2026\/05\/fsfsfdsfdggstth.png\" alt=\"\" width=\"6383\" height=\"4317\" srcset=\"https:\/\/revistamaranhaoturismo.com\/wp-content\/uploads\/2026\/05\/fsfsfdsfdggstth.png 6383w, https:\/\/revistamaranhaoturismo.com\/wp-content\/uploads\/2026\/05\/fsfsfdsfdggstth-300x203.png 300w, https:\/\/revistamaranhaoturismo.com\/wp-content\/uploads\/2026\/05\/fsfsfdsfdggstth-1024x693.png 1024w, https:\/\/revistamaranhaoturismo.com\/wp-content\/uploads\/2026\/05\/fsfsfdsfdggstth-768x519.png 768w, https:\/\/revistamaranhaoturismo.com\/wp-content\/uploads\/2026\/05\/fsfsfdsfdggstth-1536x1039.png 1536w, https:\/\/revistamaranhaoturismo.com\/wp-content\/uploads\/2026\/05\/fsfsfdsfdggstth-2048x1385.png 2048w, https:\/\/revistamaranhaoturismo.com\/wp-content\/uploads\/2026\/05\/fsfsfdsfdggstth-750x507.png 750w, https:\/\/revistamaranhaoturismo.com\/wp-content\/uploads\/2026\/05\/fsfsfdsfdggstth-1140x771.png 1140w\" sizes=\"(max-width: 6383px) 100vw, 6383px\" \/><\/a><\/p>\n<p style=\"text-align: justify;\"><span style=\"font-size: 14pt;\"><strong>Confira a programa\u00e7\u00e3o<\/strong><\/span><\/p>\n<p style=\"text-align: justify;\"><span style=\"font-size: 14pt;\">No dia 15 acontece o <strong>Innovation Day<\/strong>, voltado principalmente para empres\u00e1rios e pessoas interessadas em uma imers\u00e3o no mundo dos neg\u00f3cios. O evento ser\u00e1 uma atmosfera promissora para muito networking e aprendizado e oferecer\u00e1 palestras e pain\u00e9is ministrados por grandes nomes do cen\u00e1rio nacional.<\/span><\/p>\n<p style=\"text-align: justify;\"><span style=\"font-size: 14pt;\">Dentre os palestrantes est\u00e3o Ricardo Wagner, l\u00edder em inova\u00e7\u00e3o e especialista em acessibilidade, que j\u00e1 passou por empresas como Microsoft e HP. Em seguida, a palavra ser\u00e1 de Andr\u00e9 Siqueira, cofundador da RD Station, uma das principais plataformas de automa\u00e7\u00e3o de marketing e CRM na Am\u00e9rica Latina. E, fechando o dia com chave de ouro, teremos a palestra magna com Richard Stad, CEO da Aramis, marca que \u00e9 refer\u00eancia em moda masculina e sofistica\u00e7\u00e3o.<\/span><\/p>\n<p><a href=\"https:\/\/revistamaranhaoturismo.com\/?attachment_id=4669\" rel=\"attachment wp-att-4669\"><img decoding=\"async\" loading=\"lazy\" class=\"aligncenter size-full wp-image-4669\" src=\"https:\/\/revistamaranhaoturismo.com\/wp-content\/uploads\/2026\/05\/gggggllppazs.png\" alt=\"\" width=\"5783\" height=\"3855\" srcset=\"https:\/\/revistamaranhaoturismo.com\/wp-content\/uploads\/2026\/05\/gggggllppazs.png 5783w, https:\/\/revistamaranhaoturismo.com\/wp-content\/uploads\/2026\/05\/gggggllppazs-300x200.png 300w, https:\/\/revistamaranhaoturismo.com\/wp-content\/uploads\/2026\/05\/gggggllppazs-1024x683.png 1024w, https:\/\/revistamaranhaoturismo.com\/wp-content\/uploads\/2026\/05\/gggggllppazs-768x512.png 768w, https:\/\/revistamaranhaoturismo.com\/wp-content\/uploads\/2026\/05\/gggggllppazs-1536x1024.png 1536w, https:\/\/revistamaranhaoturismo.com\/wp-content\/uploads\/2026\/05\/gggggllppazs-2048x1365.png 2048w, https:\/\/revistamaranhaoturismo.com\/wp-content\/uploads\/2026\/05\/gggggllppazs-750x500.png 750w, https:\/\/revistamaranhaoturismo.com\/wp-content\/uploads\/2026\/05\/gggggllppazs-1140x760.png 1140w\" sizes=\"(max-width: 5783px) 100vw, 5783px\" \/><\/a><\/p>\n<p style=\"text-align: justify;\"><span style=\"font-size: 14pt;\">J\u00e1 no dia 16, a programa\u00e7\u00e3o contar\u00e1 com diversas atividades e com o melhor que a Fecom\u00e9rcio, o Sesc e o Senac t\u00eam a oferecer. Quem for \u00e0 Semana S encontrar\u00e1 servi\u00e7os como corte de cabelo, oficinas de culin\u00e1ria regional, exposi\u00e7\u00e3o interativa, cuidados b\u00e1sicos de sa\u00fade, espa\u00e7o inclusivo, atendimento a empresas, jogos, moda e workshops. Ao final da noite, o evento ser\u00e1 encerrado em grande estilo com um show do <strong>Grupo Revela\u00e7\u00e3o<\/strong>, que levar\u00e1 muito samba e alegria \u00e0s terras ludovicenses.<\/span><\/p>\n<p style=\"text-align: justify;\"><span style=\"font-size: 14pt;\">A Semana S \u00e9 muito mais que um evento, \u00e9 uma iniciativa que refor\u00e7a o compromisso do Sistema Com\u00e9rcio em promover o bem-estar da popula\u00e7\u00e3o brasileira, oferecendo atividades gratuitas e diversificadas para pessoas de todas as idades. Para conferir a programa\u00e7\u00e3o completa e garantir sua participa\u00e7\u00e3o, acesse: semana-s.portaldocomercio.org.br.<\/span><\/p>\n<p><a href=\"https:\/\/revistamaranhaoturismo.com\/?attachment_id=4670\" rel=\"attachment wp-att-4670\"><img decoding=\"async\" loading=\"lazy\" class=\"aligncenter size-full wp-image-4670\" src=\"https:\/\/revistamaranhaoturismo.com\/wp-content\/uploads\/2026\/05\/dstrtrtrrtr.png\" alt=\"\" width=\"5472\" height=\"3648\" srcset=\"https:\/\/revistamaranhaoturismo.com\/wp-content\/uploads\/2026\/05\/dstrtrtrrtr.png 5472w, https:\/\/revistamaranhaoturismo.com\/wp-content\/uploads\/2026\/05\/dstrtrtrrtr-300x200.png 300w, https:\/\/revistamaranhaoturismo.com\/wp-content\/uploads\/2026\/05\/dstrtrtrrtr-1024x683.png 1024w, https:\/\/revistamaranhaoturismo.com\/wp-content\/uploads\/2026\/05\/dstrtrtrrtr-768x512.png 768w, https:\/\/revistamaranhaoturismo.com\/wp-content\/uploads\/2026\/05\/dstrtrtrrtr-1536x1024.png 1536w, https:\/\/revistamaranhaoturismo.com\/wp-content\/uploads\/2026\/05\/dstrtrtrrtr-2048x1365.png 2048w, https:\/\/revistamaranhaoturismo.com\/wp-content\/uploads\/2026\/05\/dstrtrtrrtr-750x500.png 750w, https:\/\/revistamaranhaoturismo.com\/wp-content\/uploads\/2026\/05\/dstrtrtrrtr-1140x760.png 1140w\" sizes=\"(max-width: 5472px) 100vw, 5472px\" \/><\/a><\/p>\n<p style=\"text-align: justify;\"><span style=\"font-size: 14pt;\"><strong>Quadro de Servi\u00e7os:<\/strong><\/span><\/p>\n<ul style=\"text-align: justify;\">\n<li><span style=\"font-size: 14pt;\"><strong>Data:<\/strong> 15 e 16 de maio de 2026<\/span><\/li>\n<li><span style=\"font-size: 14pt;\"><strong>Hor\u00e1rio:<\/strong> 14h30 \u00e0s 22h (dia 1) e 09h \u00e0s 22h (dia 2)<\/span><\/li>\n<li><span style=\"font-size: 14pt;\"><strong>Local: <\/strong>Multicenter Neg\u00f3cios e Eventos<\/span><\/li>\n<li><span style=\"font-size: 14pt;\"><strong>Inscri\u00e7\u00f5es:<\/strong>\u00a0semana-s.portaldocomercio.org.br<\/span><\/li>\n<\/ul>\n<p style=\"text-align: justify;\"><span style=\"font-size: 14pt;\"><strong><u>SUGEST\u00c3O DE ENTREVISTADOS<\/u><\/strong><\/span><\/p>\n<p style=\"text-align: justify;\"><span style=\"font-size: 14pt;\"><strong>Maur\u00edcio Feij\u00f3 \u2013 Presidente do Sistema Fecom\u00e9rcio, Sesc e Senac Maranh\u00e3o<\/strong><\/span><\/p>\n<p style=\"text-align: justify;\"><span style=\"font-size: 14pt;\"><strong>Jos\u00e9 Ahirton Lopes \u2013 Diretor Regional do Senac Maranh\u00e3o<\/strong><\/span><\/p>\n<p style=\"text-align: justify;\"><span style=\"font-size: 14pt;\"><strong>Daniela Nogueira \u2013 Diretora de Educa\u00e7\u00e3o Profissional do Senac Maranh\u00e3o<\/strong><\/span><\/p>\n<p style=\"text-align: justify;\"><span style=\"font-size: 14pt;\"><em><strong>Texto por: Beatriz Diniz\/Assessoria de Comunica\u00e7\u00e3o Senac<\/strong><\/em><\/span><\/p>\n","protected":false},"excerpt":{"rendered":"<p>Nos dias 15 e 16 de maio, o Maranh\u00e3o ir\u00e1 receber a Semana S 2026, o maior evento realizado pela Confedera\u00e7\u00e3o Nacional do Com\u00e9rcio (CNC), com a colabora\u00e7\u00e3o da Fecom\u00e9rcio, Sesc e Senac. O evento acontecer\u00e1 em diversas cidades do Brasil e, aqui no estado, ser\u00e1 realizado em S\u00e3o Lu\u00eds, no Multicenter Neg\u00f3cios e Eventos, [&hellip;]<\/p>\n","protected":false},"author":1,"featured_media":4664,"comment_status":"open","ping_status":"open","sticky":false,"template":"","format":"standard","meta":[],"categories":[1],"tags":[],"_links":{"self":[{"href":"https:\/\/revistamaranhaoturismo.com\/index.php?rest_route=\/wp\/v2\/posts\/4656"}],"collection":[{"href":"https:\/\/revistamaranhaoturismo.com\/index.php?rest_route=\/wp\/v2\/posts"}],"about":[{"href":"https:\/\/revistamaranhaoturismo.com\/index.php?rest_route=\/wp\/v2\/types\/post"}],"author":[{"embeddable":true,"href":"https:\/\/revistamaranhaoturismo.com\/index.php?rest_route=\/wp\/v2\/users\/1"}],"replies":[{"embeddable":true,"href":"https:\/\/revistamaranhaoturismo.com\/index.php?rest_route=%2Fwp%2Fv2%2Fcomments&post=4656"}],"version-history":[{"count":3,"href":"https:\/\/revistamaranhaoturismo.com\/index.php?rest_route=\/wp\/v2\/posts\/4656\/revisions"}],"predecessor-version":[{"id":4672,"href":"https:\/\/revistamaranhaoturismo.com\/index.php?rest_route=\/wp\/v2\/posts\/4656\/revisions\/4672"}],"wp:featuredmedia":[{"embeddable":true,"href":"https:\/\/revistamaranhaoturismo.com\/index.php?rest_route=\/wp\/v2\/media\/4664"}],"wp:attachment":[{"href":"https:\/\/revistamaranhaoturismo.com\/index.php?rest_route=%2Fwp%2Fv2%2Fmedia&parent=4656"}],"wp:term":[{"taxonomy":"category","embeddable":true,"href":"https:\/\/revistamaranhaoturismo.com\/index.php?rest_route=%2Fwp%2Fv2%2Fcategories&post=4656"},{"taxonomy":"post_tag","embeddable":true,"href":"https:\/\/revistamaranhaoturismo.com\/index.php?rest_route=%2Fwp%2Fv2%2Ftags&post=4656"}],"curies":[{"name":"wp","href":"https:\/\/api.w.org\/{rel}","templated":true}]}}