{"id":529,"date":"2020-02-12T18:13:24","date_gmt":"2020-02-12T21:13:24","guid":{"rendered":"https:\/\/revistamaranhaoturismo.com\/?p=529"},"modified":"2020-02-13T06:00:10","modified_gmt":"2020-02-13T09:00:10","slug":"setur-oferece-russo-de-capacitacao-aos-motoristas-de-aplicativos","status":"publish","type":"post","link":"https:\/\/revistamaranhaoturismo.com\/?p=529","title":{"rendered":"Setur oferece curso de capacita\u00e7\u00e3o aos motoristas de aplicativos"},"content":{"rendered":"<p><span style=\"color: #000000;\">A hist\u00f3ria e os pontos tur\u00edsticos da capital maranhense fizeram parte do curso de capacita\u00e7\u00e3o aos motoristas de aplicativo de mobilidade urbana. A a\u00e7\u00e3o da Secret\u00e1ria de Estado do Turismo (SETUR) tem o intuito de incrementar o turismo na baixa temporada e qualificar o atendimento aos visitantes. O curso foi realizado no m\u00eas de janeiro, e na tarde desta ter\u00e7a-feira (11) eles vivenciaram, de forma pr\u00e1tica, o aprendizado no City Tour pelo Centro Hist\u00f3rico de S\u00e3o Lu\u00eds.<\/span><\/p>\n<p><span style=\"color: #000000;\">O secret\u00e1rio estadual do Turismo, Catul\u00e9 J\u00fanior, destacou que a inten\u00e7\u00e3o n\u00e3o \u00e9 tornar o motorista de app um guia de turismo, mas capacit\u00e1-lo como multiplicador de informa\u00e7\u00f5es. \u201cOs motoristas qualificados conheceram alguns pontos de visita\u00e7\u00e3o, e agora podem indicar com propriedade, os atrativos tur\u00edsticos para as visita\u00e7\u00f5es.\u201d<\/span><\/p>\n<p><span style=\"color: #000000;\">Durante o city tour, a guia de turismo da Setur (MA), Emanuelle Cordeiro apresentou a hist\u00f3ria da cidade, das pra\u00e7as, museus, explicando a proced\u00eancia dos nomes, dias e hor\u00e1rios de funcionamento e a estrutura dispon\u00edvel.<\/span><\/p>\n<p><span style=\"color: #000000;\">Motorista de App h\u00e1 2 anos, o maranhense, Gilvan Carlos Rocha da Silva, conta que n\u00e3o conhecia a hist\u00f3ria do Centro hist\u00f3rico. \u201cCom o curso estou aproveitando e aprendendo sobre a cidade que eu nasci e n\u00e3o conhecia muito dos lugares que estou conhecendo neste roteiro. Sempre turistas solicitam nossos servi\u00e7os, \u00e9 muito bom saber da nossa hist\u00f3ria e falar com propriedade, sobre o que S\u00e3o Lu\u00eds e o Maranh\u00e3o tem de atrativos tur\u00edsticos\u201d, afirma Gilvan Carlos.<\/span><\/p>\n<p><span style=\"color: #000000;\">O ga\u00facho, \u00c1lvaro da Silva, residente em S\u00e3o Lu\u00eds, trabalha como condutor em App h\u00e1 2 anos, e ressalta a import\u00e2ncia de levar ao conhecimento dos motoristas a influ\u00eancia do turismo no desenvolvimento da Cidade. \u201cN\u00f3s geralmente somos os primeiros a ter contato com os turistas, e o curso d\u00e1 apoio para divulgarmos como funciona a cidade e as riquezas do estado\u201d, observa \u00c1lvaro.<\/span><\/p>\n<figure id=\"attachment_531\" aria-describedby=\"caption-attachment-531\" style=\"width: 567px\" class=\"wp-caption aligncenter\"><img decoding=\"async\" loading=\"lazy\" class=\" wp-image-531\" src=\"https:\/\/revistamaranhaoturismo.com\/wp-content\/uploads\/2020\/02\/Motora.jpg\" alt=\"\" width=\"567\" height=\"378\" srcset=\"https:\/\/revistamaranhaoturismo.com\/wp-content\/uploads\/2020\/02\/Motora.jpg 1024w, https:\/\/revistamaranhaoturismo.com\/wp-content\/uploads\/2020\/02\/Motora-300x200.jpg 300w, https:\/\/revistamaranhaoturismo.com\/wp-content\/uploads\/2020\/02\/Motora-768x512.jpg 768w, https:\/\/revistamaranhaoturismo.com\/wp-content\/uploads\/2020\/02\/Motora-750x500.jpg 750w\" sizes=\"(max-width: 567px) 100vw, 567px\" \/><figcaption id=\"caption-attachment-531\" class=\"wp-caption-text\"><span style=\"color: #000000;\"><em>Motoristas de aplicativos no beco Catarina Mina<\/em><\/span><\/figcaption><\/figure>\n<p><span style=\"color: #000000;\"><strong>CAPACITA\u00c7\u00c3O<\/strong><\/span><\/p>\n<p><span style=\"color: #000000;\">O superintendente de qualifica\u00e7\u00e3o da Setur, Fernando Campelo, ficou satisfeito com o perfil dos participantes. \u201cS\u00e3o profissionais com vontade de aprender. No curso al\u00e9m de ensin\u00e1-los, conseguimos ouvi-los. Eles enxergam detalhes da cidade que outros n\u00e3o veem. Temos de atender bem os turistas e toda a popula\u00e7\u00e3o\u201d.<\/span><\/p>\n<p><span style=\"color: #000000;\">A Setur j\u00e1 realizou tr\u00eas turmas para motoristas de App, no qual os participantes passam por aulas te\u00f3ricas e no segundo momento participam de um passeio pelo centro hist\u00f3rico da cidade. Ao final do curso, os motoristas receberam certificado e o material como mapas tur\u00edsticos.<\/span><\/p>\n<p><span style=\"color: #000000;\">Em breve, a cidade contar\u00e1 com uma nova ferramenta ao apoio tur\u00edstico. \u201cVamos lan\u00e7ar o App de Turismo que ser\u00e1 um guia em portugu\u00eas, ingl\u00eas e espanhol com informa\u00e7\u00f5es sobre hospedagem, restaurantes, bares e passeios na nossa terra de encantos\u201d explicou\u00a0o secretario Catul\u00e9 Junior.<\/span><\/p>\n","protected":false},"excerpt":{"rendered":"<p>A hist\u00f3ria e os pontos tur\u00edsticos da capital maranhense fizeram parte do curso de capacita\u00e7\u00e3o aos motoristas de aplicativo de mobilidade urbana. A a\u00e7\u00e3o da Secret\u00e1ria de Estado do Turismo (SETUR) tem o intuito de incrementar o turismo na baixa temporada e qualificar o atendimento aos visitantes. O curso foi realizado no m\u00eas de janeiro, [&hellip;]<\/p>\n","protected":false},"author":1,"featured_media":530,"comment_status":"open","ping_status":"open","sticky":false,"template":"","format":"standard","meta":[],"categories":[1],"tags":[49,47,48],"_links":{"self":[{"href":"https:\/\/revistamaranhaoturismo.com\/index.php?rest_route=\/wp\/v2\/posts\/529"}],"collection":[{"href":"https:\/\/revistamaranhaoturismo.com\/index.php?rest_route=\/wp\/v2\/posts"}],"about":[{"href":"https:\/\/revistamaranhaoturismo.com\/index.php?rest_route=\/wp\/v2\/types\/post"}],"author":[{"embeddable":true,"href":"https:\/\/revistamaranhaoturismo.com\/index.php?rest_route=\/wp\/v2\/users\/1"}],"replies":[{"embeddable":true,"href":"https:\/\/revistamaranhaoturismo.com\/index.php?rest_route=%2Fwp%2Fv2%2Fcomments&post=529"}],"version-history":[{"count":2,"href":"https:\/\/revistamaranhaoturismo.com\/index.php?rest_route=\/wp\/v2\/posts\/529\/revisions"}],"predecessor-version":[{"id":561,"href":"https:\/\/revistamaranhaoturismo.com\/index.php?rest_route=\/wp\/v2\/posts\/529\/revisions\/561"}],"wp:featuredmedia":[{"embeddable":true,"href":"https:\/\/revistamaranhaoturismo.com\/index.php?rest_route=\/wp\/v2\/media\/530"}],"wp:attachment":[{"href":"https:\/\/revistamaranhaoturismo.com\/index.php?rest_route=%2Fwp%2Fv2%2Fmedia&parent=529"}],"wp:term":[{"taxonomy":"category","embeddable":true,"href":"https:\/\/revistamaranhaoturismo.com\/index.php?rest_route=%2Fwp%2Fv2%2Fcategories&post=529"},{"taxonomy":"post_tag","embeddable":true,"href":"https:\/\/revistamaranhaoturismo.com\/index.php?rest_route=%2Fwp%2Fv2%2Ftags&post=529"}],"curies":[{"name":"wp","href":"https:\/\/api.w.org\/{rel}","templated":true}]}}