{"id":844,"date":"2020-03-16T11:17:30","date_gmt":"2020-03-16T14:17:30","guid":{"rendered":"https:\/\/revistamaranhaoturismo.com\/?p=844"},"modified":"2020-03-16T11:18:13","modified_gmt":"2020-03-16T14:18:13","slug":"setur-leva-caravana-mais-turismo-ao-polo-delta-das-americas-alcanca-os-municipios-de-araioses-e-agua-doce","status":"publish","type":"post","link":"https:\/\/revistamaranhaoturismo.com\/?p=844","title":{"rendered":"Setur leva Caravana Mais Turismo ao polo Delta das Am\u00e9ricas"},"content":{"rendered":"<p><span style=\"color: #000000;\">A Caravana Mais Turismo chega nesta segunda-feira, 16, no Polo Delta das Am\u00e9rica, nos munic\u00edpios de Araioses e \u00c1gua Doce.\u00a0 A caravana da Secretaria de Estado do Turismo tem como objetivo\u00a0 fomentar o desenvolvimento local atrav\u00e9s do turismo.<\/span><\/p>\n<p><span style=\"color: #000000;\">A a\u00e7\u00e3o promovida pela Setur d\u00e1 prosseguimento \u00e0 agenda de reuni\u00f5es t\u00e9cnicas, palestras, cursos de qualifica\u00e7\u00e3o, cadastros dos artes\u00e3os no Sistema de Informa\u00e7\u00f5es Cadastrais do Artesanato Brasileiro (SICAB) e ao Combate \u00e0 Explora\u00e7\u00e3o Sexual Infantil no Turismo (TSI), atrav\u00e9s do programa estadual Mais Inf\u00e2ncia, Mais Turismo.<\/span><\/p>\n<p><span style=\"color: #000000;\">Os cursos que ser\u00e3o oferecidos s\u00e3o os de \u2018Qualidade no Atendimento\u2019 (Carga hor\u00e1ria 04h), \u2018Informa\u00e7\u00f5es Tur\u00edsticas no povoado de Cana Brava\u2019, \u2018Condu\u00e7\u00e3o de Passeios em Ambientes Naturais\u2019 e \u2018Qualidade no Atendimento para Bares e Restaurantes\u2019 (Carga hor\u00e1ria 08h).<\/span><\/p>\n<p><span style=\"color: #000000;\">Al\u00e9m das qualifica\u00e7\u00f5es, ser\u00e3o realizadas entrevistas e cadastros para realiza\u00e7\u00e3o da Carteira do Artesanato Brasileiro, nos munic\u00edpios e no povoado de Can\u00e1rias(Araioses -MA).<\/span><\/p>\n<p><span style=\"color: #000000;\"><em>\u2018Mais Inf\u00e2ncia, Mais Turismo\u2019<\/em><\/span><\/p>\n<p><span style=\"color: #000000;\">A superintend\u00eancia de turismo dos Len\u00e7\u00f3is e Delta (Setur), em parceria com as prefeituras municipais de Araioses, \u00c1gua Doce, realizar\u00e3o a\u00e7\u00f5es nos munic\u00edpios com o programa \u2018Mais Inf\u00e2ncia, Mais Turismo\u2019, com palestras de sensibiliza\u00e7\u00e3o feitas nas escolas, e ainda Blitz do Mais Inf\u00e2ncia, Mais Turismo em meios de hospedagem, ag\u00eancias, postos de gasolina dos dois munic\u00edpios.<\/span><\/p>\n<p><span style=\"color: #000000;\">J\u00e1 nas comunidades do Torto e do Morro do Meio que pertencem\u00a0 Plano Mais IDH ser\u00e3o feitas reuni\u00f5es nas\u00a0 para verificar demandas\u00a0locais.<\/span><\/p>\n<p><span style=\"color: #000000;\"><em>SERVI\u00c7O:<\/em><\/span><\/p>\n<p><span style=\"color: #000000;\">O qu\u00ea: Caravana Mais Turismo no Polo de Delta das Am\u00e9ricas<\/span><br \/>\n<span style=\"color: #000000;\">Quando: At\u00e9 dia 20 de mar\u00e7o;<\/span><br \/>\n<span style=\"color: #000000;\">Onde: Cidade de Araioses e \u00c1gua Doce (MA)<\/span><\/p>\n","protected":false},"excerpt":{"rendered":"<p>A Caravana Mais Turismo chega nesta segunda-feira, 16, no Polo Delta das Am\u00e9rica, nos munic\u00edpios de Araioses e \u00c1gua Doce.\u00a0 A caravana da Secretaria de Estado do Turismo tem como objetivo\u00a0 fomentar o desenvolvimento local atrav\u00e9s do turismo. A a\u00e7\u00e3o promovida pela Setur d\u00e1 prosseguimento \u00e0 agenda de reuni\u00f5es t\u00e9cnicas, palestras, cursos de qualifica\u00e7\u00e3o, cadastros [&hellip;]<\/p>\n","protected":false},"author":1,"featured_media":737,"comment_status":"open","ping_status":"open","sticky":false,"template":"","format":"standard","meta":[],"categories":[45],"tags":[158,157,156],"_links":{"self":[{"href":"https:\/\/revistamaranhaoturismo.com\/index.php?rest_route=\/wp\/v2\/posts\/844"}],"collection":[{"href":"https:\/\/revistamaranhaoturismo.com\/index.php?rest_route=\/wp\/v2\/posts"}],"about":[{"href":"https:\/\/revistamaranhaoturismo.com\/index.php?rest_route=\/wp\/v2\/types\/post"}],"author":[{"embeddable":true,"href":"https:\/\/revistamaranhaoturismo.com\/index.php?rest_route=\/wp\/v2\/users\/1"}],"replies":[{"embeddable":true,"href":"https:\/\/revistamaranhaoturismo.com\/index.php?rest_route=%2Fwp%2Fv2%2Fcomments&post=844"}],"version-history":[{"count":3,"href":"https:\/\/revistamaranhaoturismo.com\/index.php?rest_route=\/wp\/v2\/posts\/844\/revisions"}],"predecessor-version":[{"id":847,"href":"https:\/\/revistamaranhaoturismo.com\/index.php?rest_route=\/wp\/v2\/posts\/844\/revisions\/847"}],"wp:featuredmedia":[{"embeddable":true,"href":"https:\/\/revistamaranhaoturismo.com\/index.php?rest_route=\/wp\/v2\/media\/737"}],"wp:attachment":[{"href":"https:\/\/revistamaranhaoturismo.com\/index.php?rest_route=%2Fwp%2Fv2%2Fmedia&parent=844"}],"wp:term":[{"taxonomy":"category","embeddable":true,"href":"https:\/\/revistamaranhaoturismo.com\/index.php?rest_route=%2Fwp%2Fv2%2Fcategories&post=844"},{"taxonomy":"post_tag","embeddable":true,"href":"https:\/\/revistamaranhaoturismo.com\/index.php?rest_route=%2Fwp%2Fv2%2Ftags&post=844"}],"curies":[{"name":"wp","href":"https:\/\/api.w.org\/{rel}","templated":true}]}}