{"id":867,"date":"2020-03-20T11:37:44","date_gmt":"2020-03-20T14:37:44","guid":{"rendered":"https:\/\/revistamaranhaoturismo.com\/?p=867"},"modified":"2020-03-20T11:37:44","modified_gmt":"2020-03-20T14:37:44","slug":"setur-realiza-acoes-no-polo-serras-guajajara-timbira-e-kanela","status":"publish","type":"post","link":"https:\/\/revistamaranhaoturismo.com\/?p=867","title":{"rendered":"Setur realiza a\u00e7\u00f5es no Polo Serras Guajajara, Timbira e Kanela"},"content":{"rendered":"<p><span style=\"color: #000000;\">A Secret\u00e1ria de Estado de Turismo (Setur), por meio da Caravana Mais Turismo, realizou a\u00e7\u00f5es visando consolidar a atividade tur\u00edstica do Polo das Serras Guajajara, Timbira e Kanela, nos munic\u00edpios de Barra do Corda e Graja\u00fa. As a\u00e7\u00f5es contaram com a participa\u00e7\u00e3o de operadores do trade local e os gestores municipais. Foram realizados servi\u00e7os e capacita\u00e7\u00f5es para o fomento do setor. As atividades come\u00e7aram segunda-feira (16) e prossegue at\u00e9 este s\u00e1bado (21).<\/span><\/p>\n<p><span style=\"color: #000000;\">As demais caravanas e eventos foram cancelados por tempo indeterminado. \u201cEstamos contribuindo com a\u00e7\u00f5es para o crescimento do Polo Tur\u00edstico das Serras Guajajara, Timbira e Kanela. Esta j\u00e1 \u00e9 a quinta caravana que realizamos no ano e, agora, vamos fazer uma pausa, em virtude do avan\u00e7o do Covid-19; mesmo que ainda n\u00e3o tenhamos casos no Maranh\u00e3o, \u00e9 importante nos resguardarmos\u201d, explicou o secret\u00e1rio de Estado de Turismo, Catul\u00e9 J\u00fanior.<\/span><\/p>\n<p><span style=\"color: #000000;\">Durante a Caravana, foram capacitadas cerca de 120 pessoas, que participaram de palestras e cursos oferecidos e desenvolvidos por profissional da Superintend\u00eancia da Qualifica\u00e7\u00e3o Profissional da Setur. Os temas abordados foram \u201cBoas Pr\u00e1ticas para Manipula\u00e7\u00e3o de Alimentos\u201d, \u201cM\u00eddias sociais para promo\u00e7\u00e3o e comercializa\u00e7\u00e3o do turismo\u201d, \u201cQualidade no atendimento para Bares e Restaurantes\u201d e \u201cElabora\u00e7\u00e3o de projetos para gest\u00e3o p\u00fablica no turismo\u201d. Os cursos foram gratuitos com entrega de certificados.<\/span><\/p>\n<p><span style=\"color: #000000;\">A empreendedora da cidade de Graja\u00fa, Lorena Chavier, agradeceu o aprendizado e afirmou que, com a qualifica\u00e7\u00e3o, o polo ser\u00e1 mais divulgado e conhecido pelos turistas. \u201cO curso foi uma experi\u00eancia maravilhosa, onde pude encontrar informa\u00e7\u00f5es que vivo no dia a dia e n\u00e3o estava utilizando e, \u00e0s vezes, usando de maneira errada. Aprendi que precisamos utilizar o nosso trabalho para divulgar nossa regi\u00e3o e torn\u00e1-la reconhecida pelos turistas\u201d, afirmou. Ela participou do curso de qualifica\u00e7\u00e3o em \u201cM\u00eddias sociais para Promo\u00e7\u00e3o e Comercializa\u00e7\u00e3o do Turismo\u201d.<\/span><\/p>\n<p><span style=\"color: #000000;\">As t\u00e9cnicas da Setur percorreram estabelecimentos com o objetivo sensibilizar sobre a import\u00e2ncia da formaliza\u00e7\u00e3o do setor por meio do Cadastur, o Sistema de Cadastro de pessoas f\u00edsicas e jur\u00eddicas que atuam no setor do turismo, vinculado ao Minist\u00e9rio do Turismo. Foram realizados 15 cadastros e renova\u00e7\u00f5es nos dois munic\u00edpios. Em Barra do Corda, houve entrega da carteira para guia de turismo. O Cadastur garante oportunidades de neg\u00f3cios aos seus cadastrados, sendo tamb\u00e9m uma importante fonte de consulta para o turista.\u00a0\u00a0<\/span><\/p>\n<p><span style=\"color: #000000;\">Desenvolvido pela Superintend\u00eancia de Qualifica\u00e7\u00e3o Profissional, o Programa Mais Inf\u00e2ncia, Mais Turismo n\u00e3o promoveu palestras nas escolas por causa da pandemia do Covid-19. No entanto, nesta sexta-feira (20), est\u00e1 sendo realizado, no munic\u00edpio de Grajau, blitz de conscientiza\u00e7\u00e3o em hot\u00e9is, pousadas, restaurantes, com\u00e9rcios e ag\u00eancias, com o objetivo combater a explora\u00e7\u00e3o sexual de crian\u00e7as e adolescentes no turismo.<\/span><\/p>\n<p><span style=\"color: #000000;\"><strong>Invent\u00e1rio tur\u00edstico\u00a0<\/strong><\/span><\/p>\n<p><span style=\"color: #000000;\">A superintendente da Regionaliza\u00e7\u00e3o da Setur, Gl\u00f3ria Pinto, presente na Caravana, destacou a contribui\u00e7\u00e3o que o Governo do Estado realiza em parceria com as secretarias municipais de turismo. Informou que, em Barra do Corda, houve a participa\u00e7\u00e3o de 20 conselheiros do Conselho Municipal de Turismo (Comtur). Ap\u00f3s reuni\u00e3o, ficou decidido que a cidade ir\u00e1 dar andamento \u00e0 atualiza\u00e7\u00e3o do Invent\u00e1rio Tur\u00edstico j\u00e1 existente na cidade.\u00a0<\/span><\/p>\n<p><span style=\"color: #000000;\">Simultaneamente, em Graja\u00fa, a assessora t\u00e9cnica, Karlla Santos, coordenou a reuni\u00e3o do Comtur. Os conselheiros e representantes da cadeia produtiva tur\u00edstica participaram da oficina de Elabora\u00e7\u00e3o do Invent\u00e1rio Tur\u00edstico de Graja\u00fa, visando o fortalecimento institucional do conselho do Polo Serras Guajajara, Timbira e Kanela.\u00a0\u00a0<\/span><\/p>\n","protected":false},"excerpt":{"rendered":"<p>A Secret\u00e1ria de Estado de Turismo (Setur), por meio da Caravana Mais Turismo, realizou a\u00e7\u00f5es visando consolidar a atividade tur\u00edstica do Polo das Serras Guajajara, Timbira e Kanela, nos munic\u00edpios de Barra do Corda e Graja\u00fa. As a\u00e7\u00f5es contaram com a participa\u00e7\u00e3o de operadores do trade local e os gestores municipais. Foram realizados servi\u00e7os e [&hellip;]<\/p>\n","protected":false},"author":1,"featured_media":868,"comment_status":"open","ping_status":"open","sticky":false,"template":"","format":"standard","meta":[],"categories":[95],"tags":[166,165],"_links":{"self":[{"href":"https:\/\/revistamaranhaoturismo.com\/index.php?rest_route=\/wp\/v2\/posts\/867"}],"collection":[{"href":"https:\/\/revistamaranhaoturismo.com\/index.php?rest_route=\/wp\/v2\/posts"}],"about":[{"href":"https:\/\/revistamaranhaoturismo.com\/index.php?rest_route=\/wp\/v2\/types\/post"}],"author":[{"embeddable":true,"href":"https:\/\/revistamaranhaoturismo.com\/index.php?rest_route=\/wp\/v2\/users\/1"}],"replies":[{"embeddable":true,"href":"https:\/\/revistamaranhaoturismo.com\/index.php?rest_route=%2Fwp%2Fv2%2Fcomments&post=867"}],"version-history":[{"count":1,"href":"https:\/\/revistamaranhaoturismo.com\/index.php?rest_route=\/wp\/v2\/posts\/867\/revisions"}],"predecessor-version":[{"id":869,"href":"https:\/\/revistamaranhaoturismo.com\/index.php?rest_route=\/wp\/v2\/posts\/867\/revisions\/869"}],"wp:featuredmedia":[{"embeddable":true,"href":"https:\/\/revistamaranhaoturismo.com\/index.php?rest_route=\/wp\/v2\/media\/868"}],"wp:attachment":[{"href":"https:\/\/revistamaranhaoturismo.com\/index.php?rest_route=%2Fwp%2Fv2%2Fmedia&parent=867"}],"wp:term":[{"taxonomy":"category","embeddable":true,"href":"https:\/\/revistamaranhaoturismo.com\/index.php?rest_route=%2Fwp%2Fv2%2Fcategories&post=867"},{"taxonomy":"post_tag","embeddable":true,"href":"https:\/\/revistamaranhaoturismo.com\/index.php?rest_route=%2Fwp%2Fv2%2Ftags&post=867"}],"curies":[{"name":"wp","href":"https:\/\/api.w.org\/{rel}","templated":true}]}}