{"id":902,"date":"2020-03-26T09:01:09","date_gmt":"2020-03-26T12:01:09","guid":{"rendered":"https:\/\/revistamaranhaoturismo.com\/?p=902"},"modified":"2020-03-26T09:08:19","modified_gmt":"2020-03-26T12:08:19","slug":"hoteis-de-pernambuco-confirmam-suspensao-de-atividades-por-causa-do-coronavirus","status":"publish","type":"post","link":"https:\/\/revistamaranhaoturismo.com\/?p=902","title":{"rendered":"Hot\u00e9is de Pernambuco confirmam suspens\u00e3o de atividades por causa do coronav\u00edrus"},"content":{"rendered":"<h5><span style=\"color: #000000;\"><a style=\"color: #000000;\" href=\"https:\/\/jc.ne10.uol.com.br\/autor\/Mona%20Lisa%20Dourado\/\">Mona Lisa Dourado<\/a><\/span><\/h5>\n<p><span style=\"color: #000000;\">Como j\u00e1 era esperado, diante da escalada da pandemia do\u00a0novo coronav\u00edrus\u00a0e das determina\u00e7\u00f5es de isolamento social, os\u00a0hot\u00e9is de Pernambuco, de uma ponta a outra do Litoral, j\u00e1 come\u00e7aram a fechar as portas.<\/span><\/p>\n<p><span style=\"color: #000000;\">Em\u00a0Recife\u00a0e no\u00a0Litoral Sul, Atlante Plaza, Summerville, Viv\u00e1, Kembali e Arma\u00e7\u00e3o j\u00e1 oficializaram nesta quarta (25) nas suas respectivas redes sociais a suspens\u00e3o das atividades. Em nota, a Associa\u00e7\u00e3o dos Hot\u00e9is de Porto de Galinhas (AHPG) diz que alguns estabelecimentos preveem a retomada das opera\u00e7\u00f5es entre os meses de abril e maio, enquanto outros s\u00f3 retornar\u00e3o na metade do ano.<\/span><\/p>\n<p><span style=\"color: #000000;\">No\u00a0Litoral Norte, propriedades de maior porte, como o Amoaras Resort, em Maria Farinha, e a Pousada Luar, em Igarassu, tamb\u00e9m j\u00e1 encerraram as atividades at\u00e9 que o cen\u00e1rio se estabilize.<\/span><\/p>\n<p><span style=\"color: #000000;\"><a style=\"color: #000000;\" href=\"https:\/\/jc.ne10.uol.com.br\/colunas\/turismo-de-valor\/2020\/03\/5602393-depois-do-oleo--turismo-de-pernambuco-encara-pesadelo-do-coronavirus.html\">Como a hotelaria \u00e9 a principal \u00e2ncora nos destinos tur\u00edsticos, a maior preocupa\u00e7\u00e3o agora \u00e9 com a sustentabilidade de toda a cadeia produtiva do turismo<\/a>, que somente em Porto de Galinhas envolve 400 bugueiros, quase 360 taxistas, 120 jangadeiros, 1,5 mil vendedores de praia e 120 restaurantes.<\/span><\/p>\n<p><span style=\"color: #000000;\">Atualmente, Porto conta com 16 grandes hot\u00e9is e 230 pousadas. Os que permanecem abertos, com ocupa\u00e7\u00e3o entre 5% e 10%, aguardam apenas a sa\u00edda dos \u00faltimos h\u00f3spedes. Estima-se que a atividade empregue formalmente 25 mil trabalhadores, mas at\u00e9 40 mil pessoas dependem direta ou indiretamente do turismo na regi\u00e3o.<\/span><\/p>\n<p><span style=\"color: #000000;\">Segundo o Porto de Galinhas Convention &amp; Visit Bureau (PGC&amp;VB), uma m\u00e9dia de 100 mil turistas por m\u00eas frequentam o destino, com perman\u00eancia m\u00e9dia de sete noites e gasto m\u00e9dio de R$ 465 por dia. A paralisa\u00e7\u00e3o dos hot\u00e9is por 90 dias, portanto, significaria uma frustra\u00e7\u00e3o de receita de R$ 976 milh\u00f5es.<\/span><\/p>\n<p><span style=\"color: #000000;\">\u201cNunca na hist\u00f3ria da hotelaria em Porto de Galinhas vivemos uma situa\u00e7\u00e3o como esta. J\u00e1 passamos por diversas reten\u00e7\u00f5es econ\u00f4micas, mas nunca tivemos o fechamento total de todos os hot\u00e9is do balne\u00e1rio. Sem d\u00favidas, todos n\u00f3s precisamos de ajuda\u201d, afirma o presidente do PGC&amp;VB, Eduardo Tiburtius, um dos propriet\u00e1rios do Hotel Village Porto.<\/span><\/p>\n<p><span style=\"color: #000000;\">No Estado, o turismo faturou R$ 9,5 bilh\u00f5es no ano passado, segundo dados da Empetur e Secretaria estadual de Turismo, Lazer e Esportes. Para este ano, o impacto total ainda \u00e9 imensur\u00e1vel.<\/span><\/p>\n<p><span style=\"color: #000000;\">Diante das incertezas, a maioria dos empres\u00e1rios tem optado por conceder f\u00e9rias coletivas aos funcion\u00e1rios. \u201cEssa \u00e9 a rea\u00e7\u00e3o imediata, mas se a situa\u00e7\u00e3o permanece, teremos que demitir\u201d, diz Massimo Pelitteri, s\u00f3cio dos hot\u00e9is Kembali e Arma\u00e7\u00e3o, que empregam 260 colaboradores. Sem a crise, diz, o empres\u00e1rio, a expectativa era ter ocupa\u00e7\u00e3o de 70% em mar\u00e7o e recuperar os preju\u00edzos de 2019, que somou sa\u00edda da Avianca do mercado, retra\u00e7\u00e3o na Argentina e derramamento de \u00f3leo.<\/span><\/p>\n<h2><span style=\"color: #000000;\">Litoral norte<\/span><\/h2>\n<p><span style=\"color: #000000;\">No Litoral Norte, onde o turismo \u00e9 menos pujante, o cen\u00e1rio se mostra ainda mais dram\u00e1tico.<\/span><\/p>\n<p><span style=\"color: #000000;\">\u201cPrecisamos de pelo menos 40% de ocupa\u00e7\u00e3o para equilibrar as contas. Sem receita, \u00e9 preju\u00edzo total. E al\u00e9m da folha de quase 50 funcion\u00e1rios, ainda temos compromissos assumidos com fornecedores\u201d, conta o gestor do Amoaras Resort, Jos\u00e9 Luiz dos Santos.<\/span><\/p>\n<p><span style=\"color: #000000;\">\u201cMesmo que se resolva no curto prazo, n\u00e3o haver\u00e1 pessoas interessadas em viajar t\u00e3o cedo\u201d, vaticina.<\/span><\/p>\n<p><span style=\"color: #000000;\">Apesar dos preju\u00edzos econ\u00f4micos,\u00a0questionados pela coluna, os empres\u00e1rios reafirmaram a necessidade do isolamento social. Nenhum defendeu a retomada da atividade enquanto os riscos de transmiss\u00e3o da covid-19 n\u00e3o forem controlados.\u00a0 \u00a0<\/span><\/p>\n<h2><span style=\"color: #000000;\">Demandas ao governo<\/span><\/h2>\n<p><span style=\"color: #000000;\"><a style=\"color: #000000;\" href=\"https:\/\/jc.ne10.uol.com.br\/colunas\/turismo-de-valor\/2020\/03\/5603306-trade-turistico-sugere-instalacao-de-leitos-contra-coronavirus-na-arena-de-pernambuco-e-no-centro-de-convencoes.html\">Na \u00faltima segunda-feira (23), o trade tur\u00edstico do Estado entregou uma carta de inten\u00e7\u00f5es ao Governo de Pernambuco solicitando a\u00e7\u00f5es como prorroga\u00e7\u00e3o do prazo para pagamento de impostos, redu\u00e7\u00e3o do ICMS na conta de energia e uso da Arena de Pernambuco e do Centro de Conven\u00e7\u00f5es para amplia\u00e7\u00e3o de leitos e tratamento de pacientes.<\/a>\u00a0<\/span><\/p>\n<p><span style=\"color: #000000;\">O secret\u00e1rio estadual de Finan\u00e7as, D\u00e9cio Padilha, pediu 10 dias de prazo para dar uma resposta aos pleitos. J\u00e1 a Prefeitura de Ipojuca diz, por meio de nota, que \u201ca previs\u00e3o \u00e9 que at\u00e9 a primeira quinzena de abril se tenha algum par\u00e2metro para analisar estrat\u00e9gias para o setor hoteleiro\u201d.<\/span><\/p>\n<p><iframe loading=\"lazy\" title=\"Porto de Galinhas-PE\" width=\"500\" height=\"281\" src=\"https:\/\/www.youtube.com\/embed\/Ywi-oR4R-Mc?feature=oembed\" frameborder=\"0\" allow=\"accelerometer; autoplay; encrypted-media; gyroscope; picture-in-picture\" allowfullscreen><\/iframe><\/p>\n<p>&nbsp;<\/p>\n","protected":false},"excerpt":{"rendered":"<p>Mona Lisa Dourado Como j\u00e1 era esperado, diante da escalada da pandemia do\u00a0novo coronav\u00edrus\u00a0e das determina\u00e7\u00f5es de isolamento social, os\u00a0hot\u00e9is de Pernambuco, de uma ponta a outra do Litoral, j\u00e1 come\u00e7aram a fechar as portas. Em\u00a0Recife\u00a0e no\u00a0Litoral Sul, Atlante Plaza, Summerville, Viv\u00e1, Kembali e Arma\u00e7\u00e3o j\u00e1 oficializaram nesta quarta (25) nas suas respectivas redes sociais [&hellip;]<\/p>\n","protected":false},"author":1,"featured_media":903,"comment_status":"open","ping_status":"open","sticky":false,"template":"","format":"standard","meta":[],"categories":[95],"tags":[177,176],"_links":{"self":[{"href":"https:\/\/revistamaranhaoturismo.com\/index.php?rest_route=\/wp\/v2\/posts\/902"}],"collection":[{"href":"https:\/\/revistamaranhaoturismo.com\/index.php?rest_route=\/wp\/v2\/posts"}],"about":[{"href":"https:\/\/revistamaranhaoturismo.com\/index.php?rest_route=\/wp\/v2\/types\/post"}],"author":[{"embeddable":true,"href":"https:\/\/revistamaranhaoturismo.com\/index.php?rest_route=\/wp\/v2\/users\/1"}],"replies":[{"embeddable":true,"href":"https:\/\/revistamaranhaoturismo.com\/index.php?rest_route=%2Fwp%2Fv2%2Fcomments&post=902"}],"version-history":[{"count":1,"href":"https:\/\/revistamaranhaoturismo.com\/index.php?rest_route=\/wp\/v2\/posts\/902\/revisions"}],"predecessor-version":[{"id":904,"href":"https:\/\/revistamaranhaoturismo.com\/index.php?rest_route=\/wp\/v2\/posts\/902\/revisions\/904"}],"wp:featuredmedia":[{"embeddable":true,"href":"https:\/\/revistamaranhaoturismo.com\/index.php?rest_route=\/wp\/v2\/media\/903"}],"wp:attachment":[{"href":"https:\/\/revistamaranhaoturismo.com\/index.php?rest_route=%2Fwp%2Fv2%2Fmedia&parent=902"}],"wp:term":[{"taxonomy":"category","embeddable":true,"href":"https:\/\/revistamaranhaoturismo.com\/index.php?rest_route=%2Fwp%2Fv2%2Fcategories&post=902"},{"taxonomy":"post_tag","embeddable":true,"href":"https:\/\/revistamaranhaoturismo.com\/index.php?rest_route=%2Fwp%2Fv2%2Ftags&post=902"}],"curies":[{"name":"wp","href":"https:\/\/api.w.org\/{rel}","templated":true}]}}