{"id":905,"date":"2020-03-26T14:04:31","date_gmt":"2020-03-26T17:04:31","guid":{"rendered":"https:\/\/revistamaranhaoturismo.com\/?p=905"},"modified":"2020-03-26T14:39:54","modified_gmt":"2020-03-26T17:39:54","slug":"setur-realiza-teleconferencia-com-trade-local-para-discutir-propostas-de-superacao-sobre-crise-causada-pela-covid-19","status":"publish","type":"post","link":"https:\/\/revistamaranhaoturismo.com\/?p=905","title":{"rendered":"Setur realiza videoconfer\u00eancia com trade local para discutir propostas de supera\u00e7\u00e3o da crise causada pela Covid-19"},"content":{"rendered":"<p><span style=\"color: #000000;\">A Secretaria de Estado do Turismo (SETUR) reuniu, atrav\u00e9s de videoconfer\u00eancia, nesta quarta-feira (25) representantes de entidades do turismo, superintendentes de bancos e o Procon para tratar sobre a crise e discutir propostas de supera\u00e7\u00e3o para o setor hoteleiro, ag\u00eancias e receptivos, bares e restaurantes, dentre outros.<\/span><\/p>\n<p><span style=\"color: #000000;\">Na pauta foram discutidas a\u00e7\u00f5es governamentais, facilidade de acesso ao cr\u00e9dito para empreendedores, a revis\u00e3o de quest\u00f5es tribut\u00e1rias, campanhas promocionais e parcerias entre os segmentos.<\/span><\/p>\n<p><span style=\"color: #000000;\">A reuni\u00e3o foi aberta e conduzida pelo secret\u00e1rio de Estado do Turismo, Catul\u00e9 J\u00fanior, que repassou informa\u00e7\u00f5es e procedimentos que est\u00e3o sendo realizados pelo Governo do Estado. \u201cPrecisamos trabalhar de forma unida para evitar a prolifera\u00e7\u00e3o da doen\u00e7a. O Governador tamb\u00e9m est\u00e1 empenhado em viabilizar medidas emergenciais para garantir o apoio ao setor, que \u00e9 um eixo importante para o desenvolvimento econ\u00f4mico, com a gera\u00e7\u00e3o de emprego e renda\u201d, informou o secret\u00e1rio.<\/span><\/p>\n<p><span style=\"color: #000000;\">As maiores preocupa\u00e7\u00f5es do trade tur\u00edstico s\u00e3o com o retorno das atividades, a reabertura do com\u00e9rcio, sa\u00fade, desemprego, calend\u00e1rio de eventos, estrat\u00e9gias de promo\u00e7\u00e3o e divulga\u00e7\u00e3o dos destinos maranhenses.<\/span><\/p>\n<p><span style=\"color: #000000;\">Uma das demandas foi a de uma campanha publicit\u00e1ria digital incentivando a remarca\u00e7\u00e3o das viagens e a promo\u00e7\u00e3o dos nossos destinos na vitrine para comercializa\u00e7\u00e3o posterior. \u201cO Maranh\u00e3o que estava batendo todos recordes no turismo com capta\u00e7\u00f5es de investimentos e a\u00e7\u00f5es estruturantes agora precisar\u00e1 se reinventar. \u00c9 momento de nos resguardarmos mas podemos, por exemplo, viajar sem sair de casa baixando o aplicativo maranh\u00e3o de encantos, podemos planejar futuras viagens e continuar lembrando do nosso destino\u201d refor\u00e7ou o gestor Catul\u00e9 Junior.<\/span><\/p>\n<p><span style=\"color: #000000;\">Segundo o presidente da ABAV-MA, Jansen Santos, a reuni\u00e3o foi de grande import\u00e2ncia para na discuss\u00e3o de provid\u00eancias para supera\u00e7\u00e3o da crise. \u201cVivemos uma crise mundial j\u00e1 instalada e estamos adotando medidas para amenizar o caos no setor. Nesse sentido, essa reuni\u00e3o foi esclarecedora, pois todos n\u00f3s do trade estamos com a sensa\u00e7\u00e3o de incertezas por conta da crise, por\u00e9m o secretario Catul\u00e9 J\u00fanior, n\u00f3s passou seguran\u00e7a, onde afirmou que o Governo do Estado est\u00e1 conosco\u201d, frisou.<\/span><\/p>\n<p><span style=\"color: #000000;\"><strong>Cr\u00e9dito facilitado<\/strong><\/span><\/p>\n<p><span style=\"color: #000000;\">Os representantes da Caixa Econ\u00f4mica e Banco do Brasil explicaram sobre linhas de credito, renegocia\u00e7\u00e3o de d\u00edvidas, diminui\u00e7\u00e3o da taxa de juros e pausa nos pagamentos de financiamentos.<\/span><\/p>\n<p><span style=\"color: #000000;\">O superintendente da Caixa Econ\u00f4mica Federal, Antonio Nayrton, explicou sobre os 60 dias de isen\u00e7\u00e3o para contratos habitacionais e comerciais com empr\u00e9stimo ativo e das linhas de credito como o Fungetur (Fundo Geral de Turismo). A contrata\u00e7\u00e3o do cr\u00e9dito \u00e9 permitida aos prestadores de servi\u00e7os que estejam devidamente inscritos no Cadastur.<\/span><\/p>\n<p><span style=\"color: #000000;\">J\u00e1 o superintendente do Banco do Brasil, Evandro Mendes, disse que a institui\u00e7\u00e3o tamb\u00e9m est\u00e1 trabalhando firme, no sentido de favorecer o micro e pequeno empres\u00e1rio estendendo linhas de cr\u00e9ditos e renegociando dividas com aumento do escalonamento para d\u00e9bitos em at\u00e9 100 meses.<\/span><\/p>\n<p><span style=\"color: #000000;\">Por fim, ap\u00f3s abrir dialogo e ouvir contribui\u00e7\u00f5es, o secret\u00e1rio Catul\u00e9 J\u00fanior, colocou-se \u00e0 disposi\u00e7\u00e3o do trade e adiantou algumas propostas em curso que ser\u00e3o confirmadas nos pr\u00f3ximos dias. \u201cIrei articular flexibiliza\u00e7\u00e3o dos pagamentos de impostos das empresas ligadas ao turismo, solicitar lote vacina\u00e7\u00e3o para o trade, daremos prosseguimento \u00e0s campanhas promocionais e vamos nos ajudar e superar a crise\u201d, destacou o secret\u00e1rio.<\/span><\/p>\n<p><span style=\"color: #000000;\">O encontro contou com a participa\u00e7\u00e3o 27 profissionais, sendo empres\u00e1rios do setor hoteleiro e receptivo, representantes do setor banc\u00e1rio (Caixa Econ\u00f4mica e Banco do Brasil), Sindicato Empresarial de Hospedagem, Alimenta\u00e7\u00e3o do Maranh\u00e3o (Sehama), Sindicato dos Restaurantes, Bares e Similares do Maranh\u00e3o (Sindbares), Associa\u00e7\u00e3o de Bares e Restaurantes da Avenida Litor\u00e2nea (ASLIT), Associa\u00e7\u00e3o Brasileira da Ind\u00fastria de Hot\u00e9is do Maranh\u00e3o (ABIH \u2013 MA), Associa\u00e7\u00e3o Brasileira de Ag\u00eancias de Viagens (Abav \u2013 MA e Nacional), Sindicato dos Trabalhadores em Hospedagem, Gastronomia e Turismo de S\u00e3o Lu\u00eds (Sindehot\u00e9is-MA), Sindicato dos guias de Turismo (Sidegtur) e o Instituto de Promo\u00e7\u00e3o e Defesa do Cidad\u00e3o e Consumidor do Maranh\u00e3o (PROCON).<\/span><\/p>\n","protected":false},"excerpt":{"rendered":"<p>A Secretaria de Estado do Turismo (SETUR) reuniu, atrav\u00e9s de videoconfer\u00eancia, nesta quarta-feira (25) representantes de entidades do turismo, superintendentes de bancos e o Procon para tratar sobre a crise e discutir propostas de supera\u00e7\u00e3o para o setor hoteleiro, ag\u00eancias e receptivos, bares e restaurantes, dentre outros. Na pauta foram discutidas a\u00e7\u00f5es governamentais, facilidade de [&hellip;]<\/p>\n","protected":false},"author":1,"featured_media":906,"comment_status":"open","ping_status":"open","sticky":false,"template":"","format":"standard","meta":[],"categories":[95],"tags":[178,91,47,179],"_links":{"self":[{"href":"https:\/\/revistamaranhaoturismo.com\/index.php?rest_route=\/wp\/v2\/posts\/905"}],"collection":[{"href":"https:\/\/revistamaranhaoturismo.com\/index.php?rest_route=\/wp\/v2\/posts"}],"about":[{"href":"https:\/\/revistamaranhaoturismo.com\/index.php?rest_route=\/wp\/v2\/types\/post"}],"author":[{"embeddable":true,"href":"https:\/\/revistamaranhaoturismo.com\/index.php?rest_route=\/wp\/v2\/users\/1"}],"replies":[{"embeddable":true,"href":"https:\/\/revistamaranhaoturismo.com\/index.php?rest_route=%2Fwp%2Fv2%2Fcomments&post=905"}],"version-history":[{"count":5,"href":"https:\/\/revistamaranhaoturismo.com\/index.php?rest_route=\/wp\/v2\/posts\/905\/revisions"}],"predecessor-version":[{"id":911,"href":"https:\/\/revistamaranhaoturismo.com\/index.php?rest_route=\/wp\/v2\/posts\/905\/revisions\/911"}],"wp:featuredmedia":[{"embeddable":true,"href":"https:\/\/revistamaranhaoturismo.com\/index.php?rest_route=\/wp\/v2\/media\/906"}],"wp:attachment":[{"href":"https:\/\/revistamaranhaoturismo.com\/index.php?rest_route=%2Fwp%2Fv2%2Fmedia&parent=905"}],"wp:term":[{"taxonomy":"category","embeddable":true,"href":"https:\/\/revistamaranhaoturismo.com\/index.php?rest_route=%2Fwp%2Fv2%2Fcategories&post=905"},{"taxonomy":"post_tag","embeddable":true,"href":"https:\/\/revistamaranhaoturismo.com\/index.php?rest_route=%2Fwp%2Fv2%2Ftags&post=905"}],"curies":[{"name":"wp","href":"https:\/\/api.w.org\/{rel}","templated":true}]}}