{"id":937,"date":"2020-04-01T19:23:42","date_gmt":"2020-04-01T22:23:42","guid":{"rendered":"https:\/\/revistamaranhaoturismo.com\/?p=937"},"modified":"2020-04-01T19:23:42","modified_gmt":"2020-04-01T22:23:42","slug":"press-trip-desvenda-maranhao-setur-lanca-edital-para-servicos-de-hospedagem-no-interior","status":"publish","type":"post","link":"https:\/\/revistamaranhaoturismo.com\/?p=937","title":{"rendered":"Press Trip Desvenda Maranh\u00e3o: Setur lan\u00e7a edital para servi\u00e7os de hospedagem no interior"},"content":{"rendered":"<p><span style=\"color: #000000;\">Al\u00e9m de S\u00e3o Lu\u00eds, o Governo do Estado anunciou que vai comprar di\u00e1rias de meios de hospedagem, para utiliza\u00e7\u00e3o p\u00f3s-pandemia, nas cidades de Barreirinhas, Santo Amaro, Tut\u00f3ia, Carolina e Riach\u00e3o. A a\u00e7\u00e3o \u00e9 organizada pela Secretaria de Estado do Turismo do Maranh\u00e3o (Setur) por meio do programa \u201cPRESSTRIP \u2013 DESVENDA MARANH\u00c3O\u201d que est\u00e1 com edital aberto para credenciamento de servi\u00e7os de hospedagem at\u00e9 06 de abril.<\/span><\/p>\n<p><span style=\"color: #000000;\">Os vouchers ser\u00e3o utilizados atrav\u00e9s de viagens promocionais com artistas, blogueiros, digital influencers, jornalistas, imprensa nacional e internacional.<\/span><\/p>\n<p><span style=\"color: #000000;\">Ser\u00e1 contratado o fornecimento de hospedagem com caf\u00e9-da-manh\u00e3 no quantitativo de 400 vouchers no valor de R$ 100 (cem reais) referente \u00e0 di\u00e1rias em meios de hospedagem nas cidades de Barreirinhas (220), Santo Amaro (50), Tut\u00f3ia (40), Carolina (60) e Riach\u00e3o (30) dos seguintes Polos Tur\u00edsticos: Len\u00e7\u00f3is Maranhenses, Delta das Am\u00e9ricas e Chapada das Mesas.<\/span><\/p>\n<p><span style=\"color: #000000;\"><strong>CREDENCIAMENTO<\/strong><\/span><\/p>\n<p><span style=\"color: #000000;\">As inscri\u00e7\u00f5es s\u00e3o gratuitas e podem ser realizadas no per\u00edodo de 01 a 06 de abril, exclusivamente pelo e-mail: editais.seturma@gmail.com. O candidato dever\u00e1 enviar por e-mail a ficha de inscri\u00e7\u00e3o, dispon\u00edvel no Anexo I do edital, devidamente preenchida e assinada, assim como a documenta\u00e7\u00e3o exigida de forma digitalizada, conforme consta no\u00a0<a style=\"color: #000000;\" href=\"http:\/\/www.turismo.ma.gov.br\/files\/2020\/03\/EDITAL.CHAMAMENTO-P%C3%9ABLICO.HOSPEDAGEM-interior2-1.pdf\" rel=\"\">EDITAL<\/a>.<\/span><\/p>\n<p><span style=\"color: #000000;\">Para o credenciamento, o estabelecimento, que quiser concorrer, dever\u00e1 estar com a inscri\u00e7\u00e3o regular e atualizada no CADASTUR; enviar 05 fotos das \u00e1reas do restaurante, onde ser\u00e3o produzidas e servidas as refei\u00e7\u00f5es; ter Certid\u00e3o Negativa de D\u00e9bito junto a Companhia de Saneamento Ambiental do Maranh\u00e3o \u2013 CAEMA (ou \u201cDeclara\u00e7\u00e3o de N\u00e3o Usu\u00e1rio\u201d fornecida pela CAEMA, caso o inscrito n\u00e3o seja usu\u00e1rio dos servi\u00e7os desta; n\u00e3o constar nenhuma quest\u00e3o de debito no Cadastro Estadual de Inadimplentes; Possuir conta corrente banc\u00e1ria da pessoa jur\u00eddica, dentre outros.<\/span><\/p>\n<p><span style=\"color: #000000;\"><strong>SELE\u00c7\u00c3O<\/strong><\/span><\/p>\n<p><span style=\"color: #000000;\">A sele\u00e7\u00e3o dos trabalhos ficar\u00e1 a cargo da Comiss\u00e3o que ser\u00e1 composta por representantes da SETUR que ir\u00e1 analisar os crit\u00e9rios de sele\u00e7\u00e3o e pontua\u00e7\u00e3o conforme os requisitos de avalia\u00e7\u00e3o contidos no edital. O resultado da an\u00e1lise documental do credenciamento ser\u00e1 divulgado no site da SETUR\/MA: turismo.ma.gov.br e no Di\u00e1rio Oficial no dia 09 de abril.<\/span><\/p>\n<p><span style=\"color: #000000;\"><strong>PRAZOS<\/strong><\/span><\/p>\n<table width=\"541\">\n<tbody>\n<tr>\n<td width=\"283\"><span style=\"color: #000000;\"><strong>ATIVIDADES<\/strong><\/span><\/td>\n<td width=\"283\"><span style=\"color: #000000;\"><strong>PRAZO<\/strong><\/span><\/td>\n<\/tr>\n<tr>\n<td width=\"283\"><span style=\"color: #000000;\">Publica\u00e7\u00e3o do Edital<\/span><\/td>\n<td width=\"283\"><span style=\"color: #000000;\">31 de mar\u00e7o de 2020<\/span><\/td>\n<\/tr>\n<tr>\n<td width=\"283\"><span style=\"color: #000000;\">Publica\u00e7\u00e3o da Comiss\u00e3o de Sele\u00e7\u00e3o<\/span><\/td>\n<td width=\"283\"><span style=\"color: #000000;\">31 de mar\u00e7o de 2020<\/span><\/td>\n<\/tr>\n<tr>\n<td width=\"283\"><span style=\"color: #000000;\">Per\u00edodo de Inscri\u00e7\u00f5es<\/span><\/td>\n<td width=\"283\"><span style=\"color: #000000;\">01 a 06 de abril de 2020<\/span><\/td>\n<\/tr>\n<tr>\n<td width=\"283\"><span style=\"color: #000000;\">An\u00e1lise da documenta\u00e7\u00e3o<\/span><\/td>\n<td width=\"283\"><span style=\"color: #000000;\">07 a 08 de abril de 2020<\/span><\/td>\n<\/tr>\n<tr>\n<td width=\"283\"><span style=\"color: #000000;\">Divulga\u00e7\u00e3o do resultado final<\/span><\/td>\n<td width=\"283\"><span style=\"color: #000000;\">09 de abril de 2020<\/span><\/td>\n<\/tr>\n<\/tbody>\n<\/table>\n","protected":false},"excerpt":{"rendered":"<p>Al\u00e9m de S\u00e3o Lu\u00eds, o Governo do Estado anunciou que vai comprar di\u00e1rias de meios de hospedagem, para utiliza\u00e7\u00e3o p\u00f3s-pandemia, nas cidades de Barreirinhas, Santo Amaro, Tut\u00f3ia, Carolina e Riach\u00e3o. A a\u00e7\u00e3o \u00e9 organizada pela Secretaria de Estado do Turismo do Maranh\u00e3o (Setur) por meio do programa \u201cPRESSTRIP \u2013 DESVENDA MARANH\u00c3O\u201d que est\u00e1 com edital [&hellip;]<\/p>\n","protected":false},"author":1,"featured_media":938,"comment_status":"open","ping_status":"open","sticky":false,"template":"","format":"standard","meta":[],"categories":[45],"tags":[186],"_links":{"self":[{"href":"https:\/\/revistamaranhaoturismo.com\/index.php?rest_route=\/wp\/v2\/posts\/937"}],"collection":[{"href":"https:\/\/revistamaranhaoturismo.com\/index.php?rest_route=\/wp\/v2\/posts"}],"about":[{"href":"https:\/\/revistamaranhaoturismo.com\/index.php?rest_route=\/wp\/v2\/types\/post"}],"author":[{"embeddable":true,"href":"https:\/\/revistamaranhaoturismo.com\/index.php?rest_route=\/wp\/v2\/users\/1"}],"replies":[{"embeddable":true,"href":"https:\/\/revistamaranhaoturismo.com\/index.php?rest_route=%2Fwp%2Fv2%2Fcomments&post=937"}],"version-history":[{"count":1,"href":"https:\/\/revistamaranhaoturismo.com\/index.php?rest_route=\/wp\/v2\/posts\/937\/revisions"}],"predecessor-version":[{"id":939,"href":"https:\/\/revistamaranhaoturismo.com\/index.php?rest_route=\/wp\/v2\/posts\/937\/revisions\/939"}],"wp:featuredmedia":[{"embeddable":true,"href":"https:\/\/revistamaranhaoturismo.com\/index.php?rest_route=\/wp\/v2\/media\/938"}],"wp:attachment":[{"href":"https:\/\/revistamaranhaoturismo.com\/index.php?rest_route=%2Fwp%2Fv2%2Fmedia&parent=937"}],"wp:term":[{"taxonomy":"category","embeddable":true,"href":"https:\/\/revistamaranhaoturismo.com\/index.php?rest_route=%2Fwp%2Fv2%2Fcategories&post=937"},{"taxonomy":"post_tag","embeddable":true,"href":"https:\/\/revistamaranhaoturismo.com\/index.php?rest_route=%2Fwp%2Fv2%2Ftags&post=937"}],"curies":[{"name":"wp","href":"https:\/\/api.w.org\/{rel}","templated":true}]}}